{"id":1170,"date":"2021-11-15T17:56:00","date_gmt":"2021-11-15T16:56:00","guid":{"rendered":"http:\/\/www.dieparteifreien.at\/?p=1170"},"modified":"2022-01-21T13:00:31","modified_gmt":"2022-01-21T12:00:31","slug":"12-mag-herbert-madl","status":"publish","type":"post","link":"http:\/\/www.dieparteifreien.at\/?p=1170","title":{"rendered":"#12 Mag. MSc Herbert Madl"},"content":{"rendered":"\n<figure class=\"wp-block-image size-large\"><img loading=\"lazy\" decoding=\"async\" width=\"600\" height=\"450\" src=\"http:\/\/www.dieparteifreien.at\/wp-content\/uploads\/2022\/01\/HP-Herbert-NEU-1-Satz-600x450.jpg\" alt=\"\" class=\"wp-image-1519\" srcset=\"http:\/\/www.dieparteifreien.at\/wp-content\/uploads\/2022\/01\/HP-Herbert-NEU-1-Satz-600x450.jpg 600w, http:\/\/www.dieparteifreien.at\/wp-content\/uploads\/2022\/01\/HP-Herbert-NEU-1-Satz-120x90.jpg 120w, http:\/\/www.dieparteifreien.at\/wp-content\/uploads\/2022\/01\/HP-Herbert-NEU-1-Satz-768x576.jpg 768w, http:\/\/www.dieparteifreien.at\/wp-content\/uploads\/2022\/01\/HP-Herbert-NEU-1-Satz.jpg 1024w\" sizes=\"auto, (max-width: 600px) 100vw, 600px\" \/><\/figure>\n\n\n\n<p>Wir konnten den Gr\u00fcndungsdirektor der Internationalen Schule Kufstein, langj\u00e4hrigen Lektor an der FH Kufstein und ehemaligen Gymnasialprofessor f\u00fcr unser Team gewinnen. Er wird sich insbesondere mit Bildungsfragen und Studienthemen, wirtschaftlichen Fragen, aber auch mit anderen Themen befassen, die unsere Stadt weiterhin so lebenswert machen. \u201eBildungsfragen, auch im Zusammenhang mit der Internationalsierung der Bildung in\u00a0\u00a0Kufstein, waren mir schon immer ein Anliegen, und ich freue mich, in einem Team mitzuarbeiten, bei dem das Thema Bildung einen besonderen Stellenwert hat.\u201c\u00a0<\/p>\n\n\n\n<figure class=\"wp-block-embed is-type-rich is-provider-spotify wp-block-embed-spotify wp-embed-aspect-21-9 wp-has-aspect-ratio\"><div class=\"wp-block-embed__wrapper\">\n<iframe loading=\"lazy\" title=\"Spotify Embed: Parteifreie im Gespr\u00e4ch - Folge 12: Herbert Madl\" width=\"100%\" height=\"152\" style=\"[object Object]\" frameborder=\"0\" allowfullscreen allow=\"autoplay; clipboard-write; encrypted-media; fullscreen; picture-in-picture\" src=\"https:\/\/open.spotify.com\/embed\/episode\/56ckErmAWsRCNfbsrEPVtb?utm_source=oembed\"><\/iframe>\n<\/div><\/figure>\n\n\n\n<div class=\"wp-block-columns is-layout-flex wp-container-core-columns-is-layout-9d6595d7 wp-block-columns-is-layout-flex\">\n<div class=\"wp-block-column is-layout-flow wp-block-column-is-layout-flow\">\n<div class=\"wp-block-image\"><figure class=\"aligncenter size-large is-resized\"><a href=\"http:\/\/www.dieparteifreien.at\/?p=1168\"><img loading=\"lazy\" decoding=\"async\" src=\"http:\/\/www.dieparteifreien.at\/wp-content\/uploads\/2016\/02\/arrow-25894_960_720-1-e1454682840287-600x482.png\" alt=\"\" class=\"wp-image-756\" width=\"150\" height=\"121\"\/><\/a><figcaption>zur\u00fcck zu <br>Silvia Peter<br><\/figcaption><\/figure><\/div>\n<\/div>\n\n\n\n<div class=\"wp-block-column is-layout-flow wp-block-column-is-layout-flow\">\n<div class=\"wp-block-image\"><figure class=\"aligncenter size-large is-resized\"><a href=\"http:\/\/www.dieparteifreien.at\/?p=1172\"><img loading=\"lazy\" decoding=\"async\" src=\"http:\/\/www.dieparteifreien.at\/wp-content\/uploads\/2016\/02\/arrow-25894_960_720-e1454682628966-600x482.png\" alt=\"\" class=\"wp-image-754\" width=\"150\" height=\"121\"\/><\/a><figcaption>weiter zu<br>Shiva Swist-Standl<br><\/figcaption><\/figure><\/div>\n<\/div>\n<\/div>\n","protected":false},"excerpt":{"rendered":"<p>Wir konnten den Gr\u00fcndungsdirektor der Internationalen Schule Kufstein, langj\u00e4hrigen Lektor<\/p>\n","protected":false},"author":1,"featured_media":1519,"comment_status":"closed","ping_status":"closed","sticky":false,"template":"","format":"standard","meta":{"footnotes":""},"categories":[10],"tags":[],"class_list":["post-1170","post","type-post","status-publish","format-standard","has-post-thumbnail","hentry","category-kandidaten","comments-off"],"_links":{"self":[{"href":"http:\/\/www.dieparteifreien.at\/index.php?rest_route=\/wp\/v2\/posts\/1170","targetHints":{"allow":["GET"]}}],"collection":[{"href":"http:\/\/www.dieparteifreien.at\/index.php?rest_route=\/wp\/v2\/posts"}],"about":[{"href":"http:\/\/www.dieparteifreien.at\/index.php?rest_route=\/wp\/v2\/types\/post"}],"author":[{"embeddable":true,"href":"http:\/\/www.dieparteifreien.at\/index.php?rest_route=\/wp\/v2\/users\/1"}],"replies":[{"embeddable":true,"href":"http:\/\/www.dieparteifreien.at\/index.php?rest_route=%2Fwp%2Fv2%2Fcomments&post=1170"}],"version-history":[{"count":10,"href":"http:\/\/www.dieparteifreien.at\/index.php?rest_route=\/wp\/v2\/posts\/1170\/revisions"}],"predecessor-version":[{"id":1594,"href":"http:\/\/www.dieparteifreien.at\/index.php?rest_route=\/wp\/v2\/posts\/1170\/revisions\/1594"}],"wp:featuredmedia":[{"embeddable":true,"href":"http:\/\/www.dieparteifreien.at\/index.php?rest_route=\/wp\/v2\/media\/1519"}],"wp:attachment":[{"href":"http:\/\/www.dieparteifreien.at\/index.php?rest_route=%2Fwp%2Fv2%2Fmedia&parent=1170"}],"wp:term":[{"taxonomy":"category","embeddable":true,"href":"http:\/\/www.dieparteifreien.at\/index.php?rest_route=%2Fwp%2Fv2%2Fcategories&post=1170"},{"taxonomy":"post_tag","embeddable":true,"href":"http:\/\/www.dieparteifreien.at\/index.php?rest_route=%2Fwp%2Fv2%2Ftags&post=1170"}],"curies":[{"name":"wp","href":"https:\/\/api.w.org\/{rel}","templated":true}]}}