{"id":1191,"date":"2021-11-08T18:10:00","date_gmt":"2021-11-08T17:10:00","guid":{"rendered":"http:\/\/www.dieparteifreien.at\/?p=1191"},"modified":"2022-01-21T12:49:31","modified_gmt":"2022-01-21T11:49:31","slug":"19-gerhard-gigler","status":"publish","type":"post","link":"http:\/\/www.dieparteifreien.at\/?p=1191","title":{"rendered":"#19 Gerhard Gigler"},"content":{"rendered":"\n<p><\/p>\n\n\n\n<p>Er ist ebenfalls seit vielen Jahren von den Parteifreien als Aufsichtsrat in die Stadtwerke entsandt worden und hat sich dort sehr gute Kenntnisse des Unternehmens angeeignet.<\/p>\n\n\n\n<figure class=\"wp-block-image size-large\"><img loading=\"lazy\" decoding=\"async\" width=\"600\" height=\"450\" src=\"http:\/\/www.dieparteifreien.at\/wp-content\/uploads\/2022\/01\/HP-Gerhard-NEU-1-Satz-600x450.jpg\" alt=\"\" class=\"wp-image-1518\" srcset=\"http:\/\/www.dieparteifreien.at\/wp-content\/uploads\/2022\/01\/HP-Gerhard-NEU-1-Satz-600x450.jpg 600w, http:\/\/www.dieparteifreien.at\/wp-content\/uploads\/2022\/01\/HP-Gerhard-NEU-1-Satz-120x90.jpg 120w, http:\/\/www.dieparteifreien.at\/wp-content\/uploads\/2022\/01\/HP-Gerhard-NEU-1-Satz-768x576.jpg 768w, http:\/\/www.dieparteifreien.at\/wp-content\/uploads\/2022\/01\/HP-Gerhard-NEU-1-Satz.jpg 1024w\" sizes=\"auto, (max-width: 600px) 100vw, 600px\" \/><\/figure>\n\n\n\n<p><em>\u201eDie Stadtwerke Kufstein k\u00f6nnen in Zusammenarbeit mit der Gemeinde wichtige Beitr\u00e4ge gerade auch f\u00fcr moderne Themen wie Photovoltaik und Elektromobilit\u00e4t leisten, und daf\u00fcr werde ich mich in meiner Funktion weiterhin einsetzen.\u201c<\/em><\/p>\n\n\n\n<div class=\"wp-block-columns is-layout-flex wp-container-core-columns-is-layout-9d6595d7 wp-block-columns-is-layout-flex\">\n<div class=\"wp-block-column is-layout-flow wp-block-column-is-layout-flow\">\n<div class=\"wp-block-image\"><figure class=\"aligncenter size-large is-resized\"><a href=\"http:\/\/www.dieparteifreien.at\/?p=1185\"><img loading=\"lazy\" decoding=\"async\" src=\"http:\/\/www.dieparteifreien.at\/wp-content\/uploads\/2016\/02\/arrow-25894_960_720-1-e1454682840287-600x482.png\" alt=\"\" class=\"wp-image-756\" width=\"150\" height=\"121\"\/><\/a><figcaption>zur\u00fcck zu <br>Helmut Praschberger<br><\/figcaption><\/figure><\/div>\n<\/div>\n\n\n\n<div class=\"wp-block-column is-layout-flow wp-block-column-is-layout-flow\">\n<div class=\"wp-block-image\"><figure class=\"aligncenter size-large is-resized\"><a href=\"http:\/\/www.dieparteifreien.at\/?p=1189\"><img loading=\"lazy\" decoding=\"async\" src=\"http:\/\/www.dieparteifreien.at\/wp-content\/uploads\/2016\/02\/arrow-25894_960_720-e1454682628966-600x482.png\" alt=\"\" class=\"wp-image-754\" width=\"150\" height=\"121\"\/><\/a><figcaption>weiter zu<br>Andrea Krumschnabel<br><\/figcaption><\/figure><\/div>\n<\/div>\n<\/div>\n","protected":false},"excerpt":{"rendered":"<p>Er ist ebenfalls seit vielen Jahren von den Parteifreien als<\/p>\n","protected":false},"author":1,"featured_media":1518,"comment_status":"closed","ping_status":"closed","sticky":false,"template":"","format":"standard","meta":{"footnotes":""},"categories":[10],"tags":[],"class_list":["post-1191","post","type-post","status-publish","format-standard","has-post-thumbnail","hentry","category-kandidaten","comments-off"],"_links":{"self":[{"href":"http:\/\/www.dieparteifreien.at\/index.php?rest_route=\/wp\/v2\/posts\/1191","targetHints":{"allow":["GET"]}}],"collection":[{"href":"http:\/\/www.dieparteifreien.at\/index.php?rest_route=\/wp\/v2\/posts"}],"about":[{"href":"http:\/\/www.dieparteifreien.at\/index.php?rest_route=\/wp\/v2\/types\/post"}],"author":[{"embeddable":true,"href":"http:\/\/www.dieparteifreien.at\/index.php?rest_route=\/wp\/v2\/users\/1"}],"replies":[{"embeddable":true,"href":"http:\/\/www.dieparteifreien.at\/index.php?rest_route=%2Fwp%2Fv2%2Fcomments&post=1191"}],"version-history":[{"count":5,"href":"http:\/\/www.dieparteifreien.at\/index.php?rest_route=\/wp\/v2\/posts\/1191\/revisions"}],"predecessor-version":[{"id":1589,"href":"http:\/\/www.dieparteifreien.at\/index.php?rest_route=\/wp\/v2\/posts\/1191\/revisions\/1589"}],"wp:featuredmedia":[{"embeddable":true,"href":"http:\/\/www.dieparteifreien.at\/index.php?rest_route=\/wp\/v2\/media\/1518"}],"wp:attachment":[{"href":"http:\/\/www.dieparteifreien.at\/index.php?rest_route=%2Fwp%2Fv2%2Fmedia&parent=1191"}],"wp:term":[{"taxonomy":"category","embeddable":true,"href":"http:\/\/www.dieparteifreien.at\/index.php?rest_route=%2Fwp%2Fv2%2Fcategories&post=1191"},{"taxonomy":"post_tag","embeddable":true,"href":"http:\/\/www.dieparteifreien.at\/index.php?rest_route=%2Fwp%2Fv2%2Ftags&post=1191"}],"curies":[{"name":"wp","href":"https:\/\/api.w.org\/{rel}","templated":true}]}}