{"id":1400,"date":"2022-01-20T11:50:54","date_gmt":"2022-01-20T10:50:54","guid":{"rendered":"http:\/\/www.dieparteifreien.at\/?p=1400"},"modified":"2022-01-20T11:54:46","modified_gmt":"2022-01-20T10:54:46","slug":"xiv-wirtschaft","status":"publish","type":"post","link":"http:\/\/www.dieparteifreien.at\/?p=1400","title":{"rendered":"XIV. Wirtschaft"},"content":{"rendered":"\n<p>Die heimische Wirtschaft ist bei ihrer Anpassung an die neuen Herausforderungen zu unterst\u00fctzen, da besonders kleinere Betriebe dies ben\u00f6tigen werden. <strong>Information und Schulung sowie F\u00f6rderung bei der Umstellung auf den digitalen Wandel sind notwendig<\/strong>. Gemeinsam mit VertreterInnen der Wirtschaft sind die notwendigen Ma\u00dfnahmen zu definieren. Wir haben bereits Plattformen geschaffen, auf denen dies erfolgreich umgesetzt wird, aber wollen das noch erweitern. Zuletzt gab es Schulungen f\u00fcr Betriebe und Wettbewerbe f\u00fcr Neugr\u00fcndungen, aber es braucht noch mehr, denn der Wandel in der Wirtschaftswelt ist enorm. Das st\u00e4ndig steigende Aufkommen an Kommunalsteuer zeigt, dass sich die Wirtschaft insgesamt sehr positiv entwickelt. Handel, Gastronomie und Hotellerie ben\u00f6tigen eine Belebung der Stadt und daf\u00fcr werden wir nach Corona auch wieder sorgen. <strong>Unsere Gro\u00dfveranstaltungen haben \u00fcber das Jahr zehntausende Menschen zus\u00e4tzlich in die Innenstadt gebracht und das brauchen wir mit Kufstein Unlimited, Kaiserfest, Weinfest, Operette etc. auch bald wieder!<\/strong><\/p>\n\n\n\n<p>Wir brauchen <strong>Gesch\u00e4fte in der Innenstadt<\/strong>, denn das ist einerseits eine Frage der Wirtschaft insgesamt und auch der Arbeitspl\u00e4tze, dar\u00fcber hinaus aber auch wichtig f\u00fcr die Attraktivit\u00e4t der Innenstadt an sich. Wir k\u00f6nnen die Internetkonzerne mit ihren Verkaufsplattformen nicht h\u00f6her besteuern, aber das w\u00e4re dringend auf anderer Ebene notwendig, um gleiche Chancen f\u00fcr den station\u00e4ren Handel zu schaffen. Unsere Kandidatin <strong>Silvia Peter<\/strong> betreibt das \u201eGitta\u00b4s\u201c am Unteren Stadtplatz und kennt die Probleme der Innenstadt-Kaufleute aus erster Hand.<\/p>\n\n\n\n<p>Es braucht hier <strong>neue Konzepte, die wir in Zusammenarbeit mit den Gesch\u00e4ftsleuten der Innenstadt <\/strong>erstellen m\u00fcssen, denn diese werden weder in Kufstein, noch sonst irgendwo, diese Herausforderung alleine bew\u00e4ltigen k\u00f6nnen. Unsere <strong>Gesch\u00e4ftsstra\u00dfen sind insbesondere durch die Shared-Space-Bereiche wesentlich attraktiver als je zuvor<\/strong>, jetzt gilt es aber, die Gesch\u00e4fte dort zu halten. Mit Schulungen und Wettbewerben haben wir sie dabei in den letzten Jahren unterst\u00fctzt, aber es muss uns klar sein, dass es noch viel mehr dazu braucht, denn der Internethandel ist eine st\u00e4ndig wachsende Konkurrenz. Letztlich braucht es hier aber auch die Vorschl\u00e4ge der Kaufleute selbst, die als Unternehmer ihre Branchen am besten k\u00f6nnen. Die Stadt wird den Rahmen weiterhin bestm\u00f6glich schaffen und auch die <strong>Belebung durch Festivals, Stadtfeste, Modeschauen oder Wirtschaftsevents wie Messen f\u00f6rdern<\/strong>.<\/p>\n\n\n\n<p>Ideen f\u00fcr <strong>Start-Up-Unternehmen<\/strong> gibt es auch in Kufstein und wir wollen hier F\u00f6rder- und Investitionsm\u00f6glichkeiten f\u00fcr die erste Phase solcher Firmenentwicklungen schaffen, dies bis zu m\u00f6glichen Standorten. Gute Ideen brauchen anfangs oft nicht viel Geld, aber trotzdem mehr, als die Gr\u00fcnderInnen selbst vorerst aufbringen k\u00f6nnen. Hier sollten wir ein Konstrukt schaffen, das sich aktiv an solchen Neugr\u00fcndungen beteiligt und f\u00fcr einen guten Start beitr\u00e4gt. Danach d\u00fcrfen dann andere \u00fcbernehmen.<\/p>\n\n\n\n<p>Wir werden auch einen Anlauf unternehmen, um <strong>f\u00fcr den Ortsteil Sparchen eine zus\u00e4tzliche Poststelle<\/strong> zu erhalten. Nach den gesetzlichen Bestimmungen m\u00fcsste offenbar die Post in Kufstein nur das Lokal am Oberen Stadtplatz erhalten, aber es ist uns klar, dass das f\u00fcr Kufstein zu wenig ist. Daher f\u00f6rdern wir seit Jahren die zweite (private) Poststelle in Endach und wollen so etwas auch f\u00fcr Sparchen erm\u00f6glichen.<\/p>\n\n\n\n<div class=\"wp-block-columns is-layout-flex wp-container-core-columns-is-layout-9d6595d7 wp-block-columns-is-layout-flex\">\n<div class=\"wp-block-column is-layout-flow wp-block-column-is-layout-flow\">\n<div class=\"wp-block-image\"><figure class=\"aligncenter size-large is-resized\"><a href=\"http:\/\/www.dieparteifreien.at\/?p=1405\"><img loading=\"lazy\" decoding=\"async\" src=\"http:\/\/www.dieparteifreien.at\/wp-content\/uploads\/2016\/02\/arrow-25894_960_720-1-e1454682840287-600x482.png\" alt=\"\" class=\"wp-image-756\" width=\"150\" height=\"121\"\/><\/a><figcaption>XIII <br>Tierschutz<br><\/figcaption><\/figure><\/div>\n<\/div>\n\n\n\n<div class=\"wp-block-column is-layout-flow wp-block-column-is-layout-flow\">\n<div class=\"wp-block-image\"><figure class=\"aligncenter size-large is-resized\"><a href=\"http:\/\/www.dieparteifreien.at\/?p=1398\"><img loading=\"lazy\" decoding=\"async\" src=\"http:\/\/www.dieparteifreien.at\/wp-content\/uploads\/2016\/02\/arrow-25894_960_720-e1454682628966-600x482.png\" alt=\"\" class=\"wp-image-754\" width=\"150\" height=\"121\"\/><\/a><figcaption>XV<br>Und sonst?<br><\/figcaption><\/figure><\/div>\n<\/div>\n<\/div>\n","protected":false},"excerpt":{"rendered":"<p>Die heimische Wirtschaft ist bei ihrer Anpassung an die neuen<\/p>\n","protected":false},"author":2,"featured_media":0,"comment_status":"closed","ping_status":"closed","sticky":false,"template":"","format":"standard","meta":{"footnotes":""},"categories":[12],"tags":[],"class_list":["post-1400","post","type-post","status-publish","format-standard","hentry","category-vision2030","comments-off"],"_links":{"self":[{"href":"http:\/\/www.dieparteifreien.at\/index.php?rest_route=\/wp\/v2\/posts\/1400","targetHints":{"allow":["GET"]}}],"collection":[{"href":"http:\/\/www.dieparteifreien.at\/index.php?rest_route=\/wp\/v2\/posts"}],"about":[{"href":"http:\/\/www.dieparteifreien.at\/index.php?rest_route=\/wp\/v2\/types\/post"}],"author":[{"embeddable":true,"href":"http:\/\/www.dieparteifreien.at\/index.php?rest_route=\/wp\/v2\/users\/2"}],"replies":[{"embeddable":true,"href":"http:\/\/www.dieparteifreien.at\/index.php?rest_route=%2Fwp%2Fv2%2Fcomments&post=1400"}],"version-history":[{"count":3,"href":"http:\/\/www.dieparteifreien.at\/index.php?rest_route=\/wp\/v2\/posts\/1400\/revisions"}],"predecessor-version":[{"id":1406,"href":"http:\/\/www.dieparteifreien.at\/index.php?rest_route=\/wp\/v2\/posts\/1400\/revisions\/1406"}],"wp:attachment":[{"href":"http:\/\/www.dieparteifreien.at\/index.php?rest_route=%2Fwp%2Fv2%2Fmedia&parent=1400"}],"wp:term":[{"taxonomy":"category","embeddable":true,"href":"http:\/\/www.dieparteifreien.at\/index.php?rest_route=%2Fwp%2Fv2%2Fcategories&post=1400"},{"taxonomy":"post_tag","embeddable":true,"href":"http:\/\/www.dieparteifreien.at\/index.php?rest_route=%2Fwp%2Fv2%2Ftags&post=1400"}],"curies":[{"name":"wp","href":"https:\/\/api.w.org\/{rel}","templated":true}]}}