{"id":1408,"date":"2022-01-20T11:56:39","date_gmt":"2022-01-20T10:56:39","guid":{"rendered":"http:\/\/www.dieparteifreien.at\/?p=1408"},"modified":"2022-01-20T11:59:06","modified_gmt":"2022-01-20T10:59:06","slug":"xii-soziales","status":"publish","type":"post","link":"http:\/\/www.dieparteifreien.at\/?p=1408","title":{"rendered":"XII. Soziales"},"content":{"rendered":"\n<p>Der soziale Ausgleich ist uns wichtig. Bestehende F\u00f6rderungen sind zu erhalten und neue Ideen zu f\u00f6rdern<strong>. Obdachlose ohne Unterbringung darf es nicht geben und generell ist sozial schw\u00e4cheren Personen und Familien Unterst\u00fctzung zu leisten<\/strong>. Dies betrifft nicht nur Wohnen und Versorgung mit Produkten des t\u00e4glichen Bedarfes <strong>(Mietzinsunterst\u00fctzungen und Sozialmarkt) sondern auch Verg\u00fcnstigungen in anderen Bereichen (Schule und Schulveranstaltungen, Fr\u00fchst\u00fcck und Mittagessen f\u00fcr Kinder) und die Beratung und Anleitung durch \u201eK\u00fcmmerer\u201c, die bed\u00fcrftige Menschen bis zur Probleml\u00f6sung begleiten<\/strong>.<\/p>\n\n\n\n<p>Hier konnten wir in Zusammenarbeit mit den Kufsteiner Serviceclubs gerade in j\u00fcngster Zeit schon viel erreichen (<strong>DOWAS wurde nach Kufstein geholt<\/strong>), aber wir wollen das noch weiter ausbauen, denn die Zeiten werden f\u00fcr viele Menschen nicht einfacher werden und eine wohlhabende Gemeinschaft in einer bl\u00fchenden Stadt soll auch hier Ma\u00dfst\u00e4be setzen. Schon jetzt gibt es bei <strong>uns F\u00f6rderungen (etwa f\u00fcr Familien in der Weihnachtszeit oder f\u00fcr Alleinstehende),<\/strong> die man in anderen Gemeinden gar nicht kennt. Auch haben einige beg\u00fcterte KufsteinerInnen <strong>durch Spenden daf\u00fcr gesorgt, dass die Stadt in Notf\u00e4llen gut helfen kann<\/strong>. Wir wollen aber die Hilfe \u00fcber den Einzelfall hinaus erweitern und die Stadt als Anlaufstelle f\u00fcr all jene verstanden wissen, die Hilfe ben\u00f6tigen.<\/p>\n\n\n\n<p>Wir werden weiterhin <strong>das Frauenhaus in Kufstein, die Einrichtung ZOI (Fr\u00fchf\u00f6rderung), ebenso f\u00f6rdern wie die Beratungsstelle EVITA und die Einrichtung Turntable oder den Sozialmarkt<\/strong>. Neue Projekte sind ein <strong>Betreutes Wohnen f\u00fcr Jugendliche ab 18<\/strong>, die sonst oft aus Einrichtungen herausfallen und auch <strong>Wohngemeinschaften f\u00fcr werdende M\u00fctter<\/strong> oder sonst <strong>alleinstehende M\u00fctter<\/strong>, die sich gegenseitig so besser unterst\u00fctzen k\u00f6nnen. <strong>Vizeb\u00fcrgermeisterin Brigitta Klein<\/strong> ist die Garantin daf\u00fcr, dass Kufstein hier auch in Zukunft menschlich und gro\u00dfz\u00fcgig agiert und sein Angebot st\u00e4ndig erweitert.<\/p>\n\n\n\n<div class=\"wp-block-columns is-layout-flex wp-container-core-columns-is-layout-9d6595d7 wp-block-columns-is-layout-flex\">\n<div class=\"wp-block-column is-layout-flow wp-block-column-is-layout-flow\">\n<div class=\"wp-block-image\"><figure class=\"aligncenter size-large is-resized\"><a href=\"http:\/\/www.dieparteifreien.at\/?p=1411\"><img loading=\"lazy\" decoding=\"async\" src=\"http:\/\/www.dieparteifreien.at\/wp-content\/uploads\/2016\/02\/arrow-25894_960_720-1-e1454682840287-600x482.png\" alt=\"\" class=\"wp-image-756\" width=\"150\" height=\"121\"\/><\/a><figcaption>XI<br>Bauen und Wohnen<br><\/figcaption><\/figure><\/div>\n<\/div>\n\n\n\n<div class=\"wp-block-column is-layout-flow wp-block-column-is-layout-flow\">\n<div class=\"wp-block-image\"><figure class=\"aligncenter size-large is-resized\"><a href=\"http:\/\/www.dieparteifreien.at\/?p=1405\"><img loading=\"lazy\" decoding=\"async\" src=\"http:\/\/www.dieparteifreien.at\/wp-content\/uploads\/2016\/02\/arrow-25894_960_720-e1454682628966-600x482.png\" alt=\"\" class=\"wp-image-754\" width=\"150\" height=\"121\"\/><\/a><figcaption>XIII<br>Tierschutz<br><\/figcaption><\/figure><\/div>\n<\/div>\n<\/div>\n","protected":false},"excerpt":{"rendered":"<p>Der soziale Ausgleich ist uns wichtig. Bestehende F\u00f6rderungen sind zu<\/p>\n","protected":false},"author":2,"featured_media":0,"comment_status":"closed","ping_status":"closed","sticky":false,"template":"","format":"standard","meta":{"footnotes":""},"categories":[12],"tags":[],"class_list":["post-1408","post","type-post","status-publish","format-standard","hentry","category-vision2030","comments-off"],"_links":{"self":[{"href":"http:\/\/www.dieparteifreien.at\/index.php?rest_route=\/wp\/v2\/posts\/1408","targetHints":{"allow":["GET"]}}],"collection":[{"href":"http:\/\/www.dieparteifreien.at\/index.php?rest_route=\/wp\/v2\/posts"}],"about":[{"href":"http:\/\/www.dieparteifreien.at\/index.php?rest_route=\/wp\/v2\/types\/post"}],"author":[{"embeddable":true,"href":"http:\/\/www.dieparteifreien.at\/index.php?rest_route=\/wp\/v2\/users\/2"}],"replies":[{"embeddable":true,"href":"http:\/\/www.dieparteifreien.at\/index.php?rest_route=%2Fwp%2Fv2%2Fcomments&post=1408"}],"version-history":[{"count":2,"href":"http:\/\/www.dieparteifreien.at\/index.php?rest_route=\/wp\/v2\/posts\/1408\/revisions"}],"predecessor-version":[{"id":1413,"href":"http:\/\/www.dieparteifreien.at\/index.php?rest_route=\/wp\/v2\/posts\/1408\/revisions\/1413"}],"wp:attachment":[{"href":"http:\/\/www.dieparteifreien.at\/index.php?rest_route=%2Fwp%2Fv2%2Fmedia&parent=1408"}],"wp:term":[{"taxonomy":"category","embeddable":true,"href":"http:\/\/www.dieparteifreien.at\/index.php?rest_route=%2Fwp%2Fv2%2Fcategories&post=1408"},{"taxonomy":"post_tag","embeddable":true,"href":"http:\/\/www.dieparteifreien.at\/index.php?rest_route=%2Fwp%2Fv2%2Ftags&post=1408"}],"curies":[{"name":"wp","href":"https:\/\/api.w.org\/{rel}","templated":true}]}}