{"id":1414,"date":"2022-01-20T12:01:42","date_gmt":"2022-01-20T11:01:42","guid":{"rendered":"http:\/\/www.dieparteifreien.at\/?p=1414"},"modified":"2022-01-20T12:06:57","modified_gmt":"2022-01-20T11:06:57","slug":"x-alter","status":"publish","type":"post","link":"http:\/\/www.dieparteifreien.at\/?p=1414","title":{"rendered":"X. Alter"},"content":{"rendered":"\n<p>Die Lebensqualit\u00e4t in Kufstein soll \u00fcber alle Generationen bis ins hohe Alter f\u00fcr die Menschen aufrechterhalten werden. Neben den bestehenden Altenwohnheimen ist ein <strong>Altenwohnheim im Ortsteil Sparchen <\/strong>vorgesehen, sodass die ans\u00e4ssige Bev\u00f6lkerung in ihrem angestammten Ortsteil bleiben kann. Im Rahmen des Ideenwettbewerbes mit den Neuen Heimat wurde dies in Sparchen bereits eingeplant.<\/p>\n\n\n\n<p>Dar\u00fcber hinaus sind vor allem <strong>alternative Pflege- und Betreuungsformen zu intensivieren, wie etwa betreutes Wohnen, altersgerechte Wohnungen mit verschiedenen Stufen der Betreuung, g\u00fcnstige Kleinwohnungen f\u00fcr alte Menschen<\/strong>, die damit ihre gro\u00dfen Wohnungen f\u00fcr Jungfamilien freigeben k\u00f6nnen, zu verfolgende Ans\u00e4tze. Auch das ist im Konzept f\u00fcr Sparchen schon mit der Neuen Heimat besprochen und Teil der Umsetzungsstrategie beim weitgehenden Neubau der S\u00fcdtiroler Siedlung.<\/p>\n\n\n\n<p>Wir f\u00fchren aktuell ExpertInnengespr\u00e4che \u00fcber <strong>neue Pflegekonzepte<\/strong>, die die individuelle Situation jedes einzelnen Menschen im Alter wesentlich st\u00e4rker ber\u00fccksichtigen sollen und dabei die Leistungen der Altenwohnheime und des Sozialsprengels besser verkn\u00fcpfen. Attraktive Wohnungen als echtes \u201eBetreutes Wohnen\u201c sind ein Ausweg aus der sich anbahnenden Pflegekrise, die leider sowohl vom Land als auch von den meisten Medien erfolgreich ignoriert wird. Wir werden hier schon ab M\u00e4rz die komplette Struktur der Pflege und Altenbetreuung in einem <strong>begleiteten Prozess mit Fachleuten<\/strong> unter Einbeziehung von heute schon \u00e4lteren Menschen, aber auch j\u00fcngeren Menschen zur Gestaltung von deren hink\u00fcnftigen altersgerechten Betreuungsformen starten und dabei auch f\u00fcr das Personal attraktive und teils auch neue Besch\u00e4ftigungsm\u00f6glichkeiten schaffen. Wir haben das sogenannte V\u00f6lser-Modell dabei als vorbildliche L\u00f6sung im Sinn, welches jedem Menschen die auf ihn zugeschnittene L\u00f6sung im Alter bietet, dies sowohl innerhalb als auch au\u00dferhalb der station\u00e4ren Pflege. Ausbau der Tagespflege, \u00dcbergangspflege und Wohnen in bester Lage mit fachlich bester Versorgung geh\u00f6ren zu diesem Konzept auch dazu.<\/p>\n\n\n\n<p>Unsere <strong>Vizeb\u00fcrgermeisterin Brigitta Klein<\/strong> wird das Thema weiter betreuen und nicht zulassen, dass gute L\u00f6sungen von der Bundes- und Landespolitik ignoriert werden.<\/p>\n\n\n\n<p>\u00dcbrigens: In Kufstein gibt es nach wie vor <strong>gen\u00fcgend freie Pflegebetten<\/strong>, alle gegenteiligen gestreuten Ger\u00fcchte im Zusammenhang mit dem neuen Kindergarten in Zell sind v\u00f6llig an den Haaren herbeigezogen! Uns fehlt, wie \u00fcberall, das Personal und nicht die R\u00e4umlichkeiten, wie wahrheitswidrig propagiert wird.<\/p>\n\n\n\n<p>Tatsache ist, dass wir in ganz \u00d6sterreich (und nicht nur hier) in Zukunft deutlich <strong>zu wenig Pflegekr\u00e4fte<\/strong> haben werden und dem eigentlich mit <strong>deutlichen Gehaltssteigerungen und sonstigen Attraktivierungen des Berufes entgegentreten <\/strong>m\u00fcssten (z.B. Bezahlung der Sch\u00fclerInnen w\u00e4hrend der Ausbildung), das aber aus unverst\u00e4ndlichen Gr\u00fcnden an den entscheidenden Stellen im Land nicht einmal ansatzweise im notwendigen Ausma\u00df angedacht wird. Wir werden weiter daf\u00fcr k\u00e4mpfen, k\u00f6nnen uns aber nicht darauf verlassen, dass an anderer Stelle rasch etwas geschieht, da ja teilweise noch das Problem ignoriert wird. Unsere Konzepte werden aber auch dann funktionieren, wenn die \u201ehohe Politik\u201c noch l\u00e4nger braucht, um das Problem anzugehen.<\/p>\n\n\n\n<p>\u00c4ltere Menschen k\u00f6nnen noch sehr viel zu unserer Gemeinschaft beitragen! <strong>\u201eBrain-Pool\u201c f\u00fcr junggebliebene PensionistInnen, <\/strong>Nutzung des reichen Erfahrungsschatzes, das sind die Stichworte dazu.Sie k\u00f6nnen Vortragende oder WegbegleiterInnen &nbsp;f\u00fcr Menschen in schwierigen Situation\u201c sein, als \u201eK\u00fcmmerer\u201c in der Stadt auftreten und an \u00f6ffentlichen Stra\u00dfen, Pl\u00e4tzen und Wegen M\u00e4ngel erheben und f\u00fcr die Wiederherstellung sorgen. Dieser Wunsch wurde schon mehrfach an uns herangetragen, an uns soll es nicht scheitern!<\/p>\n\n\n\n<p><strong>Armut im Alter m\u00fcssen wir bek\u00e4mpfen!<\/strong> Das \u201eFreiwilligen-Netzwerk\u201c bzw. die \u201eFreiwilligenb\u00f6rse\u201c soll dazu ausgebaut werden. Wer ben\u00f6tigt wann Hilfe, wie erfahre ich von RentnerInnen, die fast nichts zum Essen haben, oder wo die Kleidung, Bettw\u00e4sche, etc. fehlt oder Arbeiten wie ein verstopfter Abfluss etc. behoben werden m\u00fcssten? Niemand soll an solchen Problemen scheitern. Wir haben einen <strong>Sozialfonds<\/strong> eingerichtet, der nur zu einem geringen Teil ausgesch\u00f6pft wird und unterst\u00fctzen massiv den <strong>Sozialmarkt in Kufstein<\/strong>. Wir wollen hier das Bewusstsein sch\u00e4rfen und damit mehr Menschen helfen.<\/p>\n\n\n\n<p>Eine \u201e<strong>Fatschen-Ambulanz\u201c<\/strong> wurde bereits beim \u201e\u00c4rztetreffen\u201c angesprochen und soll nun mit dem Sozialsprengel umgesetzt werden. Niederschwellige Hilfe spart auch den \u00c4rztInnen \u00fcberf\u00fcllte Wartezimmer und den Menschen viel Wartezeit und Aufwand.<\/p>\n\n\n\n<p>Wir wollen weiterhin <strong>\u00c4rztinnen und \u00c4rzte f\u00f6rdern, die sich in Kufstein mit ihrer Ordination niederlassen,<\/strong> denn die \u00e4rztliche Versorgung ist ein wesentliches Qualit\u00e4tsmerkmal einer Stadt. Wir haben zwar ein attraktives Bezirkskrankenhaus, wollen aber auch einen breit aufgestellten niedergelassenen Bereich. Leider k\u00f6nnen wir den Ausbildungsbereich nicht beeinflussen und die Tatsache, dass sehr viele AbsolventInnen eines Medizinstudiums in \u00d6sterreich diesen Beruf als Arzt oder \u00c4rztin gar nie aus\u00fcben.<\/p>\n\n\n\n<p><strong>Zufrieden \u00c4lter werden in Kufstein, noch mehr Tagesbetreuungspl\u00e4tze f\u00fcr demenzkranke Personen, auch zur Entlastung ihrer Angeh\u00f6rigen und die Erstellung einer Brosch\u00fcre \u2013 Wegweiser f\u00fcr ein zufriedenes \u00c4lterwerden in Kufstein- &nbsp;<\/strong>hier k\u00f6nnen wir aus unserer Partnerstadt Frauenfeld ein dort erfolgreiches Modell \u00fcbernehmen.<\/p>\n\n\n\n<p>F\u00fcr betagte Menschen sind Projekte wie die <strong>Rikscha-Fahrten, Ged\u00e4chtnis- und Motorikpfad <\/strong>oder<strong> \u201ebewegtes Fr\u00fchst\u00fcck\u201c <\/strong>(vereinbarter Treffpunkt und von dort gemeinsamer Spaziergang zum Brunch ins Cafe\u00b4oder zum Gasthof) sind ebenso wie ein regelm\u00e4\u00dfiger Seniorennachmittag der Gemeinde im Kulturquartier neue Ideen in diesem Bereich.<\/p>\n\n\n\n<p>Die <strong>Befestigung der Hauptwege am Friedhof<\/strong> wurde oben schon erw\u00e4hnt und auch die <strong>Schaffung eines Waldfriedhofes<\/strong>, den sich viele w\u00fcnschen, werden wir umsetzen.<\/p>\n\n\n\n<div class=\"wp-block-columns is-layout-flex wp-container-core-columns-is-layout-9d6595d7 wp-block-columns-is-layout-flex\">\n<div class=\"wp-block-column is-layout-flow wp-block-column-is-layout-flow\">\n<div class=\"wp-block-image\"><figure class=\"aligncenter size-large is-resized\"><a href=\"http:\/\/www.dieparteifreien.at\/?p=1417\"><img loading=\"lazy\" decoding=\"async\" src=\"http:\/\/www.dieparteifreien.at\/wp-content\/uploads\/2016\/02\/arrow-25894_960_720-1-e1454682840287-600x482.png\" alt=\"\" class=\"wp-image-756\" width=\"150\" height=\"121\"\/><\/a><figcaption>IX<br>Verkehr und Mobilit\u00e4t<br><\/figcaption><\/figure><\/div>\n<\/div>\n\n\n\n<div class=\"wp-block-column is-layout-flow wp-block-column-is-layout-flow\">\n<div class=\"wp-block-image\"><figure class=\"aligncenter size-large is-resized\"><a href=\"http:\/\/www.dieparteifreien.at\/?p=1411\"><img loading=\"lazy\" decoding=\"async\" src=\"http:\/\/www.dieparteifreien.at\/wp-content\/uploads\/2016\/02\/arrow-25894_960_720-e1454682628966-600x482.png\" alt=\"\" class=\"wp-image-754\" width=\"150\" height=\"121\"\/><\/a><figcaption>XI<br>Bauen und Wohnen<br><\/figcaption><\/figure><\/div>\n<\/div>\n<\/div>\n","protected":false},"excerpt":{"rendered":"<p>Die Lebensqualit\u00e4t in Kufstein soll \u00fcber alle Generationen bis ins<\/p>\n","protected":false},"author":2,"featured_media":0,"comment_status":"closed","ping_status":"closed","sticky":false,"template":"","format":"standard","meta":{"footnotes":""},"categories":[12],"tags":[],"class_list":["post-1414","post","type-post","status-publish","format-standard","hentry","category-vision2030","comments-off"],"_links":{"self":[{"href":"http:\/\/www.dieparteifreien.at\/index.php?rest_route=\/wp\/v2\/posts\/1414","targetHints":{"allow":["GET"]}}],"collection":[{"href":"http:\/\/www.dieparteifreien.at\/index.php?rest_route=\/wp\/v2\/posts"}],"about":[{"href":"http:\/\/www.dieparteifreien.at\/index.php?rest_route=\/wp\/v2\/types\/post"}],"author":[{"embeddable":true,"href":"http:\/\/www.dieparteifreien.at\/index.php?rest_route=\/wp\/v2\/users\/2"}],"replies":[{"embeddable":true,"href":"http:\/\/www.dieparteifreien.at\/index.php?rest_route=%2Fwp%2Fv2%2Fcomments&post=1414"}],"version-history":[{"count":2,"href":"http:\/\/www.dieparteifreien.at\/index.php?rest_route=\/wp\/v2\/posts\/1414\/revisions"}],"predecessor-version":[{"id":1420,"href":"http:\/\/www.dieparteifreien.at\/index.php?rest_route=\/wp\/v2\/posts\/1414\/revisions\/1420"}],"wp:attachment":[{"href":"http:\/\/www.dieparteifreien.at\/index.php?rest_route=%2Fwp%2Fv2%2Fmedia&parent=1414"}],"wp:term":[{"taxonomy":"category","embeddable":true,"href":"http:\/\/www.dieparteifreien.at\/index.php?rest_route=%2Fwp%2Fv2%2Fcategories&post=1414"},{"taxonomy":"post_tag","embeddable":true,"href":"http:\/\/www.dieparteifreien.at\/index.php?rest_route=%2Fwp%2Fv2%2Ftags&post=1414"}],"curies":[{"name":"wp","href":"https:\/\/api.w.org\/{rel}","templated":true}]}}