{"id":1435,"date":"2022-01-20T12:55:01","date_gmt":"2022-01-20T11:55:01","guid":{"rendered":"http:\/\/www.dieparteifreien.at\/?p=1435"},"modified":"2022-01-20T13:25:55","modified_gmt":"2022-01-20T12:25:55","slug":"iv-diversitaet-und-inklusion","status":"publish","type":"post","link":"http:\/\/www.dieparteifreien.at\/?p=1435","title":{"rendered":"IV. Diversit\u00e4t und Inklusion"},"content":{"rendered":"\n<p>Die Integration ausl\u00e4ndischer Mitb\u00fcrgerInnen oder \u00f6sterreichischer Staatsb\u00fcrgerInnen mit Migrationshintergrund muss verbessert werden. Wir m\u00fcssen den Menschen vor Augen f\u00fchren, dass sie ihre Herkunft nicht verleugnen sollen, auch nicht ihre kulturellen Wurzeln, dass sie sich aber ganz klar f\u00fcr Kufstein entschieden haben und f\u00fcr diese Stadt als Mittelpunkt ihrer Lebensinteressen.<\/p>\n\n\n\n<p>Damit m\u00fcssen wir <strong>auch deutlich die notwendigen Voraussetzungen f\u00fcr eine gelungene Inklusion ansprechen.<\/strong> Wir wollen uns weiterhin alle M\u00fche geben, allen Kindern mit Migrationshintergrund den <strong>Erwerb der deutschen Sprache<\/strong> zu erm\u00f6glichen, sodass ihre Bildungschancen intakt sind. Wir wollen die Familien ermuntern, die Verantwortung f\u00fcr ihre Kinder diesbez\u00fcglich wahrzunehmen und auch durch Information und Bildungsangebote ist sicherzustellen, dass Kinder bereits im Kindergarten, sp\u00e4testens aber mit dem Einstieg in die Volksschule, die notwendigen Sprachkenntnisse aufweisen.<\/p>\n\n\n\n<p>Die Erfahrungen der Vergangenheit zeigen, dass dies bislang nicht ausreichend gelungen ist. Unsere <strong>Vizeb\u00fcrgermeisterin Brigitta Klein<\/strong> hat dieses wichtige Ressort daher wieder pers\u00f6nlich \u00fcbernommen und wird hier ma\u00dfgebliche Impulse setzen. Wir halten die Erreichung dieses Zieles f\u00fcr die Kinder f\u00fcr unumg\u00e4nglich. Deutschkurse f\u00fcr die Eltern haben wir schon mehrfach angeboten und wollen diese forcieren, denn ohne Hilfe im Elternhaus geht es schlichtweg nicht und die Kinder verlieren wertvolle Zeit beim \u00dcbertritt in die Volksschule.<\/p>\n\n\n\n<p>Dazu m\u00fcssen wir aus dem Rathaus hinaus in die Stadtteile gehen und wollen den Betroffenen nahe bei ihrem Wohnsitz ein Angebot machen. Ein Angebot muss man aber auch annehmen, damit man erfolgreich sein kann. Wir wollen die Infrastruktur bereitstellen und das Angebot bewerben, dann liegt es an den Mitb\u00fcrgerInnen mit Migrationshintergrund, dies auch anzunehmen. Wir haben im Rathaus eine Migrationsbeauftragte besch\u00e4ftigt, die wir dadurch n\u00e4her an die B\u00fcrgerInnen heranbringen wollen (z.B. <em>Haus der Kulturen<\/em> mit Bibliothek).<\/p>\n\n\n\n<p>Wir legen ausdr\u00fccklich auch darauf Wert, den gesamtgesellschaftlichen Austausch zu f\u00f6rdern (Fest der Kulturen, ABC-Caf\u00e9) und wollen ein klares Bekenntnis zur vollen Anerkennung und Wertsch\u00e4tzung aller Personengruppen und Personen abgeben, die oftmals an den Rand der Gesellschaft gedr\u00e4ngt werden. Diversit\u00e4t soll auch und vor allem diese ins Zentrum holen und deren Lebensrealit\u00e4t ist in politischen Entscheidungen mitzudenken.<\/p>\n\n\n\n<div class=\"wp-block-columns is-layout-flex wp-container-core-columns-is-layout-9d6595d7 wp-block-columns-is-layout-flex\">\n<div class=\"wp-block-column is-layout-flow wp-block-column-is-layout-flow\">\n<div class=\"wp-block-image\"><figure class=\"aligncenter size-large is-resized\"><a href=\"http:\/\/www.dieparteifreien.at\/?p=1438\"><img loading=\"lazy\" decoding=\"async\" src=\"http:\/\/www.dieparteifreien.at\/wp-content\/uploads\/2016\/02\/arrow-25894_960_720-1-e1454682840287-600x482.png\" alt=\"\" class=\"wp-image-756\" width=\"150\" height=\"121\"\/><\/a><figcaption>III<br>Bildung<br><\/figcaption><\/figure><\/div>\n<\/div>\n\n\n\n<div class=\"wp-block-column is-layout-flow wp-block-column-is-layout-flow\">\n<div class=\"wp-block-image\"><figure class=\"aligncenter size-large is-resized\"><a href=\"http:\/\/www.dieparteifreien.at\/?p=1431\"><img loading=\"lazy\" decoding=\"async\" src=\"http:\/\/www.dieparteifreien.at\/wp-content\/uploads\/2016\/02\/arrow-25894_960_720-e1454682628966-600x482.png\" alt=\"\" class=\"wp-image-754\" width=\"150\" height=\"121\"\/><\/a><figcaption>V<br>Jugend und junge Erwachsene<br><\/figcaption><\/figure><\/div>\n<\/div>\n<\/div>\n","protected":false},"excerpt":{"rendered":"<p>Die Integration ausl\u00e4ndischer Mitb\u00fcrgerInnen oder \u00f6sterreichischer Staatsb\u00fcrgerInnen mit Migrationshintergrund muss<\/p>\n","protected":false},"author":2,"featured_media":0,"comment_status":"closed","ping_status":"closed","sticky":false,"template":"","format":"standard","meta":{"footnotes":""},"categories":[12],"tags":[],"class_list":["post-1435","post","type-post","status-publish","format-standard","hentry","category-vision2030","comments-off"],"_links":{"self":[{"href":"http:\/\/www.dieparteifreien.at\/index.php?rest_route=\/wp\/v2\/posts\/1435","targetHints":{"allow":["GET"]}}],"collection":[{"href":"http:\/\/www.dieparteifreien.at\/index.php?rest_route=\/wp\/v2\/posts"}],"about":[{"href":"http:\/\/www.dieparteifreien.at\/index.php?rest_route=\/wp\/v2\/types\/post"}],"author":[{"embeddable":true,"href":"http:\/\/www.dieparteifreien.at\/index.php?rest_route=\/wp\/v2\/users\/2"}],"replies":[{"embeddable":true,"href":"http:\/\/www.dieparteifreien.at\/index.php?rest_route=%2Fwp%2Fv2%2Fcomments&post=1435"}],"version-history":[{"count":3,"href":"http:\/\/www.dieparteifreien.at\/index.php?rest_route=\/wp\/v2\/posts\/1435\/revisions"}],"predecessor-version":[{"id":1471,"href":"http:\/\/www.dieparteifreien.at\/index.php?rest_route=\/wp\/v2\/posts\/1435\/revisions\/1471"}],"wp:attachment":[{"href":"http:\/\/www.dieparteifreien.at\/index.php?rest_route=%2Fwp%2Fv2%2Fmedia&parent=1435"}],"wp:term":[{"taxonomy":"category","embeddable":true,"href":"http:\/\/www.dieparteifreien.at\/index.php?rest_route=%2Fwp%2Fv2%2Fcategories&post=1435"},{"taxonomy":"post_tag","embeddable":true,"href":"http:\/\/www.dieparteifreien.at\/index.php?rest_route=%2Fwp%2Fv2%2Ftags&post=1435"}],"curies":[{"name":"wp","href":"https:\/\/api.w.org\/{rel}","templated":true}]}}