{"id":1491,"date":"2022-01-19T14:34:00","date_gmt":"2022-01-19T13:34:00","guid":{"rendered":"http:\/\/www.dieparteifreien.at\/?p=1491"},"modified":"2022-01-27T13:27:22","modified_gmt":"2022-01-27T12:27:22","slug":"wie-man-eine-perle-findet-2","status":"publish","type":"post","link":"http:\/\/www.dieparteifreien.at\/?p=1491","title":{"rendered":"Wie man eine Perle findet"},"content":{"rendered":"\n<figure class=\"wp-block-image size-large\"><img loading=\"lazy\" decoding=\"async\" width=\"600\" height=\"472\" src=\"http:\/\/www.dieparteifreien.at\/wp-content\/uploads\/2022\/01\/Buch-600x472.jpg\" alt=\"\" class=\"wp-image-1492\" srcset=\"http:\/\/www.dieparteifreien.at\/wp-content\/uploads\/2022\/01\/Buch-600x472.jpg 600w, http:\/\/www.dieparteifreien.at\/wp-content\/uploads\/2022\/01\/Buch-120x94.jpg 120w, http:\/\/www.dieparteifreien.at\/wp-content\/uploads\/2022\/01\/Buch-768x604.jpg 768w, http:\/\/www.dieparteifreien.at\/wp-content\/uploads\/2022\/01\/Buch.jpg 1157w\" sizes=\"auto, (max-width: 600px) 100vw, 600px\" \/><\/figure>\n\n\n\n<p>Wie wird das Leben in der Festungsstadt im Jahre 2030 wohl sein? Welche ungeahnten Neuerungen k\u00f6nnte es geben? Wohin k\u00f6nnten sich einzelne Stadtteile und \u00f6ffentliche Einrichtungen entwickeln? Die Parteifreien rund um B\u00fcrgermeister Martin Krumschnabel haben dazu einige Ideen. <\/p>\n\n\n\n<p>Verpackt in eine romantische Geschichte pr\u00e4sentieren wir diese als Buch &#8211; und H\u00f6rbuch!<\/p>\n\n\n\n<p>Das Taschenbuch kann man bei <strong><a rel=\"noreferrer noopener\" href=\"https:\/\/goo.gl\/maps\/DG3i76xPBVkp73Gf6\" target=\"_blank\">Gitta\u2019s<\/a> <\/strong>am Unteren Stadtplatz in Kufstein <strong>kostenlos <\/strong>abholen.<\/p>\n\n\n\n<p>Das H\u00f6rbuch gibt\u2019s auf <a href=\"https:\/\/www.youtube.com\/channel\/UCZ-BLVpPFNe8qIGKtuWUNTw\"><strong>YouTube<\/strong><\/a> und <a rel=\"noreferrer noopener\" href=\"https:\/\/open.spotify.com\/show\/4ZYfZiVFDSHPmUQbz2JA2r\" target=\"_blank\"><strong>Spotify<\/strong><\/a>.<\/p>\n\n\n\n<p>Das eBook gibt\u2019s f\u00fcr \u20ac1 im <a rel=\"noreferrer noopener\" href=\"https:\/\/www.amazon.de\/Wie-man-eine-Perle-findet-ebook\/dp\/B0992L8ZH8\/ref=tmm_kin_swatch_0?_encoding=UTF8&amp;qid=1633612186&amp;sr=8-1\" target=\"_blank\"><strong>Amazon-Kindle-Store<\/strong><\/a>.<\/p>\n\n\n\n<p>Und hier geht\u2019s zur Berichterstattung \u00fcber die Buchpr\u00e4sentation im <a rel=\"noreferrer noopener\" href=\"https:\/\/www.kufsteinblick.at\/index.php\/8-redaktionelle-beitraege\/1301-parteifreien-praesentierten-buch-mit-visionen-fuer-kufstein-im-jahr-2030\" target=\"_blank\"><strong><em>Kufsteinblick<\/em><\/strong><\/a><\/p>\n\n\n\n<p>Wer das Buch gelesen hat, wird wohl ohne Schwierigkeiten an unserem <a href=\"http:\/\/www.dieparteifreien.at\/?page_id=1361\"><strong>Gewinnspiel<\/strong><\/a> teilnehmen k\u00f6nnen.<br><\/p>\n\n\n\n<figure class=\"wp-block-embed is-type-video is-provider-youtube wp-block-embed-youtube wp-embed-aspect-16-9 wp-has-aspect-ratio\"><div class=\"wp-block-embed__wrapper\">\n<iframe loading=\"lazy\" title=\"Intro\" width=\"910\" height=\"512\" src=\"https:\/\/www.youtube.com\/embed\/pFudmlJTAtw?start=6&#038;feature=oembed\" frameborder=\"0\" allow=\"accelerometer; autoplay; clipboard-write; encrypted-media; gyroscope; picture-in-picture\" allowfullscreen><\/iframe>\n<\/div><\/figure>\n\n\n\n<figure class=\"wp-block-embed is-type-rich is-provider-spotify wp-block-embed-spotify wp-embed-aspect-21-9 wp-has-aspect-ratio\"><div class=\"wp-block-embed__wrapper\">\n<iframe loading=\"lazy\" title=\"Spotify Embed: Wie man eine Perle findet ...\" width=\"100%\" height=\"152\" style=\"[object Object]\" frameborder=\"0\" allowfullscreen allow=\"autoplay; clipboard-write; encrypted-media; fullscreen; picture-in-picture\" src=\"https:\/\/open.spotify.com\/embed\/episode\/2hzSpOOFnOu1hDhaENvz3M?utm_source=oembed\"><\/iframe>\n<\/div><\/figure>\n\n\n\n<div class=\"wp-block-columns is-layout-flex wp-container-core-columns-is-layout-9d6595d7 wp-block-columns-is-layout-flex\">\n<div class=\"wp-block-column is-layout-flow wp-block-column-is-layout-flow\">\n<div class=\"wp-block-image\"><figure class=\"aligncenter size-large is-resized\"><a href=\"http:\/\/www.dieparteifreien.at\/?p=1398\"><img loading=\"lazy\" decoding=\"async\" src=\"http:\/\/www.dieparteifreien.at\/wp-content\/uploads\/2016\/02\/arrow-25894_960_720-1-e1454682840287-600x482.png\" alt=\"\" class=\"wp-image-756\" width=\"150\" height=\"121\"\/><\/a><figcaption>XV <br>Und sonst?<br><\/figcaption><\/figure><\/div>\n<\/div>\n\n\n\n<div class=\"wp-block-column is-layout-flow wp-block-column-is-layout-flow\">\n<div class=\"wp-block-image\"><figure class=\"aligncenter size-large is-resized\"><a href=\"http:\/\/www.dieparteifreien.at\/?page_id=862\"><img loading=\"lazy\" decoding=\"async\" src=\"http:\/\/www.dieparteifreien.at\/wp-content\/uploads\/2016\/02\/arrow-25894_960_720-e1454682628966-600x482.png\" alt=\"\" class=\"wp-image-754\" width=\"150\" height=\"121\"\/><\/a><figcaption>Kufstein 2030!<\/figcaption><\/figure><\/div>\n<\/div>\n<\/div>\n","protected":false},"excerpt":{"rendered":"<p>Wie wird das Leben in der Festungsstadt im Jahre 2030<\/p>\n","protected":false},"author":2,"featured_media":0,"comment_status":"closed","ping_status":"closed","sticky":false,"template":"","format":"standard","meta":{"footnotes":""},"categories":[12],"tags":[],"class_list":["post-1491","post","type-post","status-publish","format-standard","hentry","category-vision2030","comments-off"],"_links":{"self":[{"href":"http:\/\/www.dieparteifreien.at\/index.php?rest_route=\/wp\/v2\/posts\/1491","targetHints":{"allow":["GET"]}}],"collection":[{"href":"http:\/\/www.dieparteifreien.at\/index.php?rest_route=\/wp\/v2\/posts"}],"about":[{"href":"http:\/\/www.dieparteifreien.at\/index.php?rest_route=\/wp\/v2\/types\/post"}],"author":[{"embeddable":true,"href":"http:\/\/www.dieparteifreien.at\/index.php?rest_route=\/wp\/v2\/users\/2"}],"replies":[{"embeddable":true,"href":"http:\/\/www.dieparteifreien.at\/index.php?rest_route=%2Fwp%2Fv2%2Fcomments&post=1491"}],"version-history":[{"count":4,"href":"http:\/\/www.dieparteifreien.at\/index.php?rest_route=\/wp\/v2\/posts\/1491\/revisions"}],"predecessor-version":[{"id":1674,"href":"http:\/\/www.dieparteifreien.at\/index.php?rest_route=\/wp\/v2\/posts\/1491\/revisions\/1674"}],"wp:attachment":[{"href":"http:\/\/www.dieparteifreien.at\/index.php?rest_route=%2Fwp%2Fv2%2Fmedia&parent=1491"}],"wp:term":[{"taxonomy":"category","embeddable":true,"href":"http:\/\/www.dieparteifreien.at\/index.php?rest_route=%2Fwp%2Fv2%2Fcategories&post=1491"},{"taxonomy":"post_tag","embeddable":true,"href":"http:\/\/www.dieparteifreien.at\/index.php?rest_route=%2Fwp%2Fv2%2Ftags&post=1491"}],"curies":[{"name":"wp","href":"https:\/\/api.w.org\/{rel}","templated":true}]}}