{"id":1555,"date":"2022-01-20T18:39:28","date_gmt":"2022-01-20T17:39:28","guid":{"rendered":"http:\/\/www.dieparteifreien.at\/?p=1555"},"modified":"2022-01-20T18:39:28","modified_gmt":"2022-01-20T17:39:28","slug":"jung-und-alt","status":"publish","type":"post","link":"http:\/\/www.dieparteifreien.at\/?p=1555","title":{"rendered":"JUNG UND ALT!"},"content":{"rendered":"\n<p><strong>Die Zukunft der Pflege in Kufstein im Altenwohnheim, aber nicht nur dort!<\/strong><\/p>\n\n\n\n<p>Von Vertretern der SeniorInnen ist Kritik gekommen, weil der Gemeinderat mit breiter Mehrheit die Unterbringung eines Kindergartens in vormaligen R\u00e4umen des Altenwohnheimes in Zell beschlossen hat. Man bef\u00fcrchtet, dadurch letztlich zu wenig Betten f\u00fcr die Pflege zur Verf\u00fcgung zu haben. Das ist nat\u00fcrlich nicht richtig, darauf w\u00fcrde sich die Gemeinde nie einlassen. Tatsache ist, dass wir im Altenwohnheim Zell noch zw\u00f6lf freie Betten haben, die wir jetzt schon seit langer Zeit nicht belegen k\u00f6nnen. Es gibt auch keine langen Wartelisten, daf\u00fcr aber einen echten Notstand bei den Pflegekr\u00e4ften. Das wird leider vielfach ignoriert und der Ernst der Lage wird weder in der Bundes- noch in der Landespolitik ausreichend erkannt. Auch diejenigen jungen Menschen, die sich f\u00fcr eine Pflegeausbildung entschieden haben, springen in Scharen wieder ab und verlassen die Ausbildung noch vor ihrem Abschluss. Das sind ganz klare Alarmsignale, die in einen echten Pflegenotstand m\u00fcnden werden.&nbsp;<\/p>\n\n\n\n<p>Das ist heute bereits absehbar und es kann gar keine Rede davon sein, dass man zus\u00e4tzliche Pflegebetten auch nur ann\u00e4hernd bef\u00fcllen k\u00f6nnte. Man muss das Problem daher bei der Wurzel packen und die&nbsp;<strong>Arbeitsbedingungen f\u00fcr Pflegekr\u00e4fte massiv verbessern. Ich rede hier von notwendigen Lohnerh\u00f6hungen von zumindest 50 % und auch davon, dass Pflegekr\u00e4fte w\u00e4hrend ihrer Ausbildung anst\u00e4ndig bezahlt werden m\u00fcssen.<\/strong>&nbsp;Ein Taschengeld ist hier auf keinen Fall ausreichend, es braucht ein vollwertiges Gehalt. Wir ben\u00f6tigen diese Menschen in diesem Beruf, sonst wird eine Situation eintreten, die wir uns gar nicht vorstellen m\u00f6chten.<\/p>\n\n\n\n<p>Das geringste Problem besteht wohl darin, Pflegebetten zu errichten, das gr\u00f6\u00dfte Problem ist das Personal! Die Leitung unseres Altenwohnheimes, n\u00e4mlich sowohl der Heimleiter als auch der Pflegedienstleiter haben uns die L\u00f6sung mit dem Kindergarten vorgeschlagen, weil sie einerseits um die Personalsituation wissen, andererseits aber auch darum, wie wohltuend es f\u00fcr alte Menschen sein wird, wenn sie vermehrt mit Kindern zusammentreffen. Wir erwarten uns hier, was schon einzelne Aktionen in der Vergangenheit gezeigt haben, gro\u00dfe Vorteile f\u00fcr Jung und Alt. Es ist nicht sinnvoll, diese Personengruppen gegeneinander auszuspielen. Es wird hier ein gro\u00dfartiges Miteinander geben, von dem alle Beteiligten profitieren.&nbsp;<\/p>\n\n\n\n<p>Schon jetzt gibt es auch&nbsp;<strong>Alternativen zum Altenwohnheim, n\u00e4mlich 16 Wohnungen im obersten Gescho\u00df im Altenwohnheim Innpark und 8 von der Stadt angemietete 5-Euro-Wohnungen direkt neben dem Sozialsprengel.<\/strong>&nbsp;Aber, das m\u00fcssen noch viel mehr Wohnungen werden und daf\u00fcr werden wir rasch sorgen!<\/p>\n\n\n\n<p>Wir werden die gesamte Altenpflege in Kufstein auf neue Beine stellen und arbeiten mit Fachleuten ein Konzept aus, das auf den Bedarf jedes einzelnen Menschen eingeht und die f\u00fcr ihn beste Form der Unterbringung und Versorgung feststellt.<\/p>\n\n\n\n<p>Das kann nat\u00fcrlich auch die Unterbringung im Altenwohnheim sein, oft aber ist es die \u00dcbersiedlung in ein&nbsp;<strong>Betreutes Wohnen<\/strong>&nbsp;<strong>nach modernsten Gesichtspunkten in allen Ortsteilen von Kufstein<\/strong>, wo f\u00fcr Essen, Reinigung und auch Versorgung im Gesundheitsbereich, Hilfe bei Problemen des Alltags und geselliges Beisammensein mit anderen BewohnerInnen oder BesucherInnen gesorgt wird. Im Haus befindet sich dann auch eine stets zust\u00e4ndige MitarbeiterIn, die Tag und Nacht zur Unterst\u00fctzung bereit ist. Wer nur im Urlaub der pflegenden Angeh\u00f6rigen eine Unterbringung braucht soll, sie als Kurzzeitpflege erhalten und wer das nur an manchen Tagen will, der bekommt die Tagesbetreuung. Das ist der viel bessere Weg, als einfach nur immer wieder neue Altenwohnheime zu bauen. Aber auch das werden wir tun, wenn es notwendig ist, in diesem Fall wohl als n\u00e4chstes in Sparchen.<\/p>\n\n\n\n<p>Mag. Martin Krumschnabel<\/p>\n\n\n\n<p>B\u00fcrgermeister der Stadt Kufstein<\/p>\n","protected":false},"excerpt":{"rendered":"<p>Die Zukunft der Pflege in Kufstein im Altenwohnheim, aber nicht<\/p>\n","protected":false},"author":1,"featured_media":0,"comment_status":"closed","ping_status":"closed","sticky":false,"template":"","format":"standard","meta":{"footnotes":""},"categories":[3],"tags":[],"class_list":["post-1555","post","type-post","status-publish","format-standard","hentry","category-archiv","comments-off"],"_links":{"self":[{"href":"http:\/\/www.dieparteifreien.at\/index.php?rest_route=\/wp\/v2\/posts\/1555","targetHints":{"allow":["GET"]}}],"collection":[{"href":"http:\/\/www.dieparteifreien.at\/index.php?rest_route=\/wp\/v2\/posts"}],"about":[{"href":"http:\/\/www.dieparteifreien.at\/index.php?rest_route=\/wp\/v2\/types\/post"}],"author":[{"embeddable":true,"href":"http:\/\/www.dieparteifreien.at\/index.php?rest_route=\/wp\/v2\/users\/1"}],"replies":[{"embeddable":true,"href":"http:\/\/www.dieparteifreien.at\/index.php?rest_route=%2Fwp%2Fv2%2Fcomments&post=1555"}],"version-history":[{"count":1,"href":"http:\/\/www.dieparteifreien.at\/index.php?rest_route=\/wp\/v2\/posts\/1555\/revisions"}],"predecessor-version":[{"id":1556,"href":"http:\/\/www.dieparteifreien.at\/index.php?rest_route=\/wp\/v2\/posts\/1555\/revisions\/1556"}],"wp:attachment":[{"href":"http:\/\/www.dieparteifreien.at\/index.php?rest_route=%2Fwp%2Fv2%2Fmedia&parent=1555"}],"wp:term":[{"taxonomy":"category","embeddable":true,"href":"http:\/\/www.dieparteifreien.at\/index.php?rest_route=%2Fwp%2Fv2%2Fcategories&post=1555"},{"taxonomy":"post_tag","embeddable":true,"href":"http:\/\/www.dieparteifreien.at\/index.php?rest_route=%2Fwp%2Fv2%2Ftags&post=1555"}],"curies":[{"name":"wp","href":"https:\/\/api.w.org\/{rel}","templated":true}]}}