{"id":543,"date":"2015-06-01T13:17:49","date_gmt":"2015-06-01T12:17:49","guid":{"rendered":"http:\/\/www.dieparteifreien.at\/?p=543"},"modified":"2016-01-31T13:36:45","modified_gmt":"2016-01-31T12:36:45","slug":"ein-kulturzentrum-fuer-kufstein","status":"publish","type":"post","link":"http:\/\/www.dieparteifreien.at\/?p=543","title":{"rendered":"Ein Kulturzentrum f\u00fcr Kufstein"},"content":{"rendered":"<p>Seit Jahrzehnten wurde in der Stadt Kufstein dar\u00fcber nachgedacht, wie die Stadt eine eigene Veranstaltungshalle umsetzen k\u00f6nnte und es sind daf\u00fcr schon verschiedene Pl\u00e4tze vorgesehen gewesen.<\/p>\n<p>&nbsp;<\/p>\n<p>Nunmehr hat sich die aus meiner Sicht einmalige M\u00f6glichkeit ergeben, direkt am Oberen Stadtplatz ein solches Kulturzentrum anzukaufen, welches zahlreiche Vorteile aufweist. neben der optimalen Lage am Oberen Stadtplatz, wo in Hinkunft ein speziell ausgestattetes Stadttheater samt einem Veranstaltungssaal mit gro\u00dfem Foyer betrieben werden kann, ist dort auch eine volle Tiefgaragenanbindung m\u00f6glich, sodass den Besuchern der Veranstaltungen der bestm\u00f6gliche Komfort geboten wird.<\/p>\n<p>&nbsp;<\/p>\n<p>Kufstein hat zahlreiche Kulturveranstalter, die gerade in den letzten Jahren das Kulturleben in unserer Stadt extrem belebt haben. Die Aussage \u201ein Kufstein ist ja nichts los\u201c, h\u00f6rt man eigentlich seit Jahren nicht mehr. Dies haben wir neben den engagierten privaten Veranstaltern auch einer sehr erfolgreichen st\u00e4dtischen Kulturreihe zu verdanken. All diese Aktivit\u00e4ten sollen fortgesetzt werden, gleichzeitig soll aber unseren Vereinen ebenso wie professionellen Veranstaltern eine hochwertige Veranstaltungslocation zur Verf\u00fcgung stehen.<\/p>\n<p>&nbsp;<\/p>\n<p>Durch die Lage am Oberen Stadtplatz wird bei den Veranstaltungen nicht nur die Innenstadt belebt, sondern es befindet sich dieses Kulturzentrum auch in unmittelbarer N\u00e4he zu einem neuen Hotel, sodass auch die von der Stadt Kufstein als zukunftstr\u00e4chtig erachtete Schiene f\u00fcr den Kongresstourismus mit den neuentstehenden S\u00e4len sehr gut unterst\u00fctzt werden kann.<\/p>\n<p>&nbsp;<\/p>\n<p>Letztlich ging es um die Frage, ob Kufstein in eine weitere Sporthalle investiert, oder ob nunmehr die Kultur durch ein eigenes Zentrum zu ihrem Recht kommen soll. Die Kufstein Arena ist eine der gr\u00f6\u00dften S\u00e4le in Tirol und wird sowohl f\u00fcr Kultur als auch Sportveranstaltungen gen\u00fctzt, ganz abgesehen davon, dass die Hauptnutzung nat\u00fcrlich der Turnunterricht der Neuen Mittelschule darstellt. Immer wieder kommt es zu Kollisionen bei der Nutzung dieser Halle, da Kultur- und Sportveranstaltungen oftmals zeitgleich stattfinden w\u00fcrden und hier Kompromisse zu schlie\u00dfen sind.<\/p>\n<p>&nbsp;<\/p>\n<p>Ein Gro\u00dfteil der Kulturveranstaltungen k\u00f6nnte aber durchaus in einen kleineren Saal ausweichen und haben dadurch der Sport ebenso wie der Schulbetrieb in Zukunft in der gro\u00dfen Sporthalle Kufstein Arena absoluten Vorrang. Nur noch Veranstaltungen, die von der Gr\u00f6\u00dfenordnung her schlichtweg nicht woanders untergebracht werden k\u00f6nnen, werden in der Kufstein Arena stattfinden. Alle anderen Kulturveranstaltungen k\u00f6nnten im neuen Veranstaltungszentrum Platz finden.<\/p>\n<p>&nbsp;<\/p>\n<p>Die derzeitig vorliegenden Gesamtkosten von \u20ac 6,7 Mio. f\u00fcr dieses Projekt sind auch f\u00fcr die Stadt Kufstein eine erhebliche Investition. Andererseits wird dadurch eine einmalige Spielst\u00e4tte mitten im Stadtzentrum von Kufstein geschaffen, welche \u00fcber Jahrzehnte genutzt werden kann und sicherlich bald aus dem st\u00e4dtischen Kulturleben nicht mehr wegzudenken sein wird.<\/p>\n<p>&nbsp;<\/p>\n<p>Kufstein ist eine sich dynamisch entwickelnde und st\u00e4ndig wachsende Stadt und f\u00fcr eine st\u00e4ndig steigende Einwohnerzahl ist auch die Infrastruktur entsprechend zu errichten. Ein Kulturzentrum ist f\u00fcr die zweitgr\u00f6\u00dfte Stadt von Tirol ein wichtiger und zentraler Bestandteil dieser Entwicklung.<\/p>\n<p>&nbsp;<\/p>\n<p>Mag. Martin Krumschnabel<\/p>\n<p>B\u00fcrgermeister der Stadt Kufstein<\/p>\n","protected":false},"excerpt":{"rendered":"<p>Seit Jahrzehnten wurde in der Stadt Kufstein dar\u00fcber nachgedacht, wie<\/p>\n","protected":false},"author":1,"featured_media":0,"comment_status":"closed","ping_status":"closed","sticky":false,"template":"","format":"standard","meta":{"footnotes":""},"categories":[3],"tags":[],"class_list":["post-543","post","type-post","status-publish","format-standard","hentry","category-archiv","comments-off"],"_links":{"self":[{"href":"http:\/\/www.dieparteifreien.at\/index.php?rest_route=\/wp\/v2\/posts\/543","targetHints":{"allow":["GET"]}}],"collection":[{"href":"http:\/\/www.dieparteifreien.at\/index.php?rest_route=\/wp\/v2\/posts"}],"about":[{"href":"http:\/\/www.dieparteifreien.at\/index.php?rest_route=\/wp\/v2\/types\/post"}],"author":[{"embeddable":true,"href":"http:\/\/www.dieparteifreien.at\/index.php?rest_route=\/wp\/v2\/users\/1"}],"replies":[{"embeddable":true,"href":"http:\/\/www.dieparteifreien.at\/index.php?rest_route=%2Fwp%2Fv2%2Fcomments&post=543"}],"version-history":[{"count":1,"href":"http:\/\/www.dieparteifreien.at\/index.php?rest_route=\/wp\/v2\/posts\/543\/revisions"}],"predecessor-version":[{"id":544,"href":"http:\/\/www.dieparteifreien.at\/index.php?rest_route=\/wp\/v2\/posts\/543\/revisions\/544"}],"wp:attachment":[{"href":"http:\/\/www.dieparteifreien.at\/index.php?rest_route=%2Fwp%2Fv2%2Fmedia&parent=543"}],"wp:term":[{"taxonomy":"category","embeddable":true,"href":"http:\/\/www.dieparteifreien.at\/index.php?rest_route=%2Fwp%2Fv2%2Fcategories&post=543"},{"taxonomy":"post_tag","embeddable":true,"href":"http:\/\/www.dieparteifreien.at\/index.php?rest_route=%2Fwp%2Fv2%2Ftags&post=543"}],"curies":[{"name":"wp","href":"https:\/\/api.w.org\/{rel}","templated":true}]}}