{"id":63,"date":"2015-02-05T11:47:09","date_gmt":"2015-02-05T10:47:09","guid":{"rendered":"http:\/\/www.dieparteifreien.at\/wp\/?p=63"},"modified":"2016-01-25T23:24:07","modified_gmt":"2016-01-25T22:24:07","slug":"brigitta-klein","status":"publish","type":"post","link":"http:\/\/www.dieparteifreien.at\/?p=63","title":{"rendered":"Gemeinder\u00e4tin Mag. Karin Eschelm\u00fcller"},"content":{"rendered":"<h3 style=\"text-align: left;\" align=\"center\"><span style=\"color: #800080;\"><strong>RAUMORDNUNG UND ORTSBILDSCHUTZ<\/strong><\/span><\/h3>\n<p style=\"text-align: left;\" align=\"center\">Seit Jahren war zu bemerken, dass die Kufsteiner Bev\u00f6lkerung mit der baulichen Entwicklung der Stadt nicht mehr ganz einverstanden war. Zwar hat man immer wieder gelobt, dass moderne und auch sinnvolle Geb\u00e4ude errichtet werden, in Summe hatte man aber doch das Gef\u00fchl, dass das Stadtbild auf Dauer darunter leiden wird.<\/p>\n<p>Wir haben uns entschlossen, dem nunmehr massiv entgegen zu wirken und die zuk\u00fcnftige Entwicklung der Stadt auf neue Beine zu stellen.<\/p>\n<p>Dazu dient einerseits eine sehr restriktive <span style=\"text-decoration: underline;\">Raumordnung<\/span>, die dazu f\u00fchren soll, dass die Siedlungsgrenzen der Stadt Kufstein eingehalten werden und nicht in k\u00fcrzester Zeit alle verbleibenden Wiesen zugebaut werden. Es muss auch m\u00f6glich sein, in Kufstein einen Spaziergang zu machen, ohne laufend an Hausg\u00e4rten vorbeizugehen oder auf Balkone zu blicken. Dies ist ein Bed\u00fcrfnis der Bev\u00f6lkerung, das wir unbedingt erf\u00fcllen m\u00f6chten.<!--more--><\/p>\n<p>Ebenso ist es ein Bed\u00fcrfnis der Bev\u00f6lkerung, dass die Bauten in Kufstein qualitativ besser werden, insbesondere sollen gro\u00dfe und dichte Geb\u00e4ude nach M\u00f6glichkeit vermieden werden. Eine aufgelockerte Bauweise hebt die Qualit\u00e4t, dies nicht nur f\u00fcr die Bewohner selbst, sondern auch f\u00fcr den Betrachter.<\/p>\n<p>Dementsprechend erfolgt f\u00fcr nicht bebaute Grundst\u00fccke eine Dichtereduzierung, die diesen Qualit\u00e4tssprung in Kufstein bei neuen Bauwerken bringen wird.<\/p>\n<p>Dass wir uns im Inneren der Stadt um h\u00f6chste Qualit\u00e4t bem\u00fcht haben, zeigen die gelungenen Umbauarbeiten am Unteren Stadtplatz und am Fischergries.<\/p>\n<p>In die selbe Kerbe schlagen wir mit dem <span style=\"text-decoration: underline;\">Ortsbildschutzgesetz<\/span>, womit im Kernbereich der Stadt sichergestellt ist, dass Umbauten, Zubauten und Neubauten nur unter strenger Beobachtung von Experten erfolgen k\u00f6nnen, die auch entsprechende Auflagen f\u00fcr die Bauwerber formulieren k\u00f6nnen. Dies geht von Geb\u00e4udeh\u00f6hen bis zu Dachkonstruktionen und Fenstern, die dem Bestand anzupassen sind und wo den Bauwerbern, denen dadurch Mehrkosten entstehen sollten, \u00f6ffentliche F\u00f6rderungen zuerkannt werden k\u00f6nnen.<\/p>\n<p>Wenn es jetzt von manchen Seiten hier erheblichen Widerstand gibt, so ist einerseits darauf hinzuweisen, dass all diese Gespr\u00e4che zwischen den Fraktionen einvernehmlich durchgef\u00fchrt wurden und im Ausschuss f\u00fcr die Raumordnungsangelegenheiten alle Vorg\u00e4nge einstimmig waren und auch das Land Tirol die Vorgangsweise der Stadt Kufstein gelobt hat. Dass jetzt dies alles dem Raumordnungsgesetz nicht entsprechen w\u00fcrde, ist wohl nur die Meinung einiger Unverbesserlicher, die Kufstein in k\u00fcrzester Zeit so verbauen w\u00fcrden, dass von einer lebenswerten Stadt nichts mehr zu finden ist.<\/p>\n<p>Wir stehen jedenfalls daf\u00fcr, dass die Stadt Kufstein sich ma\u00dfvoll weiter entwickelt, dass neue Geb\u00e4ude qualitativ hochwertig sind und dass gerade im Zentrum der Stadt Umbauten mit besonderem Bedacht auf das Ortsbild vorgenommen werden. Dies entspricht auch den g\u00fcltigen Beschl\u00fcssen des Gemeinderates der Stadt Kufstein, die in dieser Periode herbeigef\u00fchrt wurden.<\/p>\n","protected":false},"excerpt":{"rendered":"<p>RAUMORDNUNG UND ORTSBILDSCHUTZ Seit Jahren war zu bemerken, dass die<\/p>\n","protected":false},"author":1,"featured_media":265,"comment_status":"closed","ping_status":"closed","sticky":false,"template":"","format":"standard","meta":{"footnotes":""},"categories":[3],"tags":[],"class_list":["post-63","post","type-post","status-publish","format-standard","has-post-thumbnail","hentry","category-archiv","comments-off"],"_links":{"self":[{"href":"http:\/\/www.dieparteifreien.at\/index.php?rest_route=\/wp\/v2\/posts\/63","targetHints":{"allow":["GET"]}}],"collection":[{"href":"http:\/\/www.dieparteifreien.at\/index.php?rest_route=\/wp\/v2\/posts"}],"about":[{"href":"http:\/\/www.dieparteifreien.at\/index.php?rest_route=\/wp\/v2\/types\/post"}],"author":[{"embeddable":true,"href":"http:\/\/www.dieparteifreien.at\/index.php?rest_route=\/wp\/v2\/users\/1"}],"replies":[{"embeddable":true,"href":"http:\/\/www.dieparteifreien.at\/index.php?rest_route=%2Fwp%2Fv2%2Fcomments&post=63"}],"version-history":[{"count":19,"href":"http:\/\/www.dieparteifreien.at\/index.php?rest_route=\/wp\/v2\/posts\/63\/revisions"}],"predecessor-version":[{"id":410,"href":"http:\/\/www.dieparteifreien.at\/index.php?rest_route=\/wp\/v2\/posts\/63\/revisions\/410"}],"wp:featuredmedia":[{"embeddable":true,"href":"http:\/\/www.dieparteifreien.at\/index.php?rest_route=\/wp\/v2\/media\/265"}],"wp:attachment":[{"href":"http:\/\/www.dieparteifreien.at\/index.php?rest_route=%2Fwp%2Fv2%2Fmedia&parent=63"}],"wp:term":[{"taxonomy":"category","embeddable":true,"href":"http:\/\/www.dieparteifreien.at\/index.php?rest_route=%2Fwp%2Fv2%2Fcategories&post=63"},{"taxonomy":"post_tag","embeddable":true,"href":"http:\/\/www.dieparteifreien.at\/index.php?rest_route=%2Fwp%2Fv2%2Ftags&post=63"}],"curies":[{"name":"wp","href":"https:\/\/api.w.org\/{rel}","templated":true}]}}