{"id":683,"date":"2021-11-22T12:19:00","date_gmt":"2021-11-22T11:19:00","guid":{"rendered":"http:\/\/www.dieparteifreien.at\/?p=683"},"modified":"2022-01-20T18:21:21","modified_gmt":"2022-01-20T17:21:21","slug":"4-karin-eschelmueller","status":"publish","type":"post","link":"http:\/\/www.dieparteifreien.at\/?p=683","title":{"rendered":"#5 Karin Eschelm\u00fcller"},"content":{"rendered":"<h6>\u00a0<\/h6>\n<p style=\"text-align: center;\"><u>Ich bin parteifrei,<\/u><\/p>\n<p style=\"text-align: center;\">weil ich unabh\u00e4ngig sein will<\/p>\n<p style=\"text-align: center;\">weil ich an der Sache arbeiten will<\/p>\n<p style=\"text-align: center;\">weil ich Verantwortung \u00fcbernehmen m\u00f6chte<\/p>\n<p style=\"text-align: center;\">weil ich mit Vernunft und Weitblick Politik betreiben will<\/p>\n<p style=\"text-align: center;\">weil ich mich f\u00fcr das kulturelle Leben in Kufstein einsetzen m\u00f6chte<\/p>\n<p style=\"text-align: center;\">weil mir unsere Stadt und all ihre Bewohner*innen am Herzen liegen<\/p>\n<p style=\"text-align: center;\">weil ich diese Stadt lebenswert finde wie keine andere<\/p>\n<p style=\"text-align: center;\">weil ich etwas f\u00fcr die n\u00e4chsten Generationen tun will<\/p>\n<p style=\"text-align: center;\">weil ich die Stadt noch lebenswerter machen m\u00f6chte<\/p>\n<p style=\"text-align: center;\">weil ich nur Kufstein verpflichtet sein will<\/p>\n<p style=\"text-align: center;\">weil ich f\u00fcr Kufstein da sein will<\/p>\n<p style=\"text-align: center;\">weil ich Kufsteiner*in bin!<\/p>\n<p><img loading=\"lazy\" decoding=\"async\" class=\"alignnone size-full wp-image-1288\" src=\"http:\/\/www.dieparteifreien.at\/wp-content\/uploads\/2021\/11\/Karin-HP-1-Satz.jpg\" alt=\"\" width=\"1024\" height=\"768\" srcset=\"http:\/\/www.dieparteifreien.at\/wp-content\/uploads\/2021\/11\/Karin-HP-1-Satz.jpg 1024w, http:\/\/www.dieparteifreien.at\/wp-content\/uploads\/2021\/11\/Karin-HP-1-Satz-120x90.jpg 120w, http:\/\/www.dieparteifreien.at\/wp-content\/uploads\/2021\/11\/Karin-HP-1-Satz-600x450.jpg 600w, http:\/\/www.dieparteifreien.at\/wp-content\/uploads\/2021\/11\/Karin-HP-1-Satz-768x576.jpg 768w\" sizes=\"auto, (max-width: 1024px) 100vw, 1024px\" \/><\/p>\n<p><span style=\"color: #800080;\"><strong><u>Mag. Karin Eschelm\u00fcller, Obfrau des Bauausschusses<\/u><\/strong><\/span><\/p>\n<p>Die derzeitige Direktorin des Bundes- und Bundesrealgymnasiums in Kufstein setzt sich nicht nur f\u00fcr Bildungsfragen, sondern auch f\u00fcr Bauagenden in der Stadt Kufstein ein und leitet den Bauausschuss.<\/p>\n<p><em>\u201eDie Erstellung des neuen Raumordnungskonzeptes ab 2023 ist eine gro\u00dfe Herausforderung, da wir damit die positive Entwicklung der Stadt Kufstein f\u00fcr viele Jahre pr\u00e4gen werden.\u201c<\/em><\/p>\n<h6 style=\"text-align: left;\"><strong style=\"font-size: inherit; color: var(--text-color); font-family: var(--text-font);\"><span style=\"color: #800080;\">Bei den Parteifreien ist sie, da sie nur mit diesem Team unter der Leitung von Martin ihre Ideen, Energien und Gedanken, und ihre Liebe zu Kufstein und seinen B\u00fcrgerinnen und B\u00fcrgern frei entfalten und ausleben kann.<\/span><\/strong><\/h6>\n<blockquote>\n<p>Zitat: \u201e<em>Wir leben dort, wo andere Urlaub machen. Wir leben in einer wunderbaren Stadt. \u00a0<strong>Kufstein \u2013 ich lebe dich<\/strong>.\u201c<\/em><\/p>\n<\/blockquote>\n\n\n<figure class=\"wp-block-embed is-type-rich is-provider-spotify wp-block-embed-spotify wp-embed-aspect-21-9 wp-has-aspect-ratio\"><div class=\"wp-block-embed__wrapper\">\n<iframe loading=\"lazy\" title=\"Spotify Embed: Parteifreie im Gespr\u00e4ch - Folge 6: Karin Eschelm\u00fcller\" width=\"100%\" height=\"152\" style=\"[object Object]\" frameborder=\"0\" allowfullscreen allow=\"autoplay; clipboard-write; encrypted-media; fullscreen; picture-in-picture\" src=\"https:\/\/open.spotify.com\/embed\/episode\/3vZrySGrLN7heXxsLgtG9Z?utm_source=oembed\"><\/iframe>\n<\/div><\/figure>\n\n\n\n<div class=\"wp-block-columns is-layout-flex wp-container-core-columns-is-layout-9d6595d7 wp-block-columns-is-layout-flex\">\n<div class=\"wp-block-column is-layout-flow wp-block-column-is-layout-flow\">\n<div class=\"wp-block-image\"><figure class=\"aligncenter size-large is-resized\"><a href=\"http:\/\/www.dieparteifreien.at\/?p=695\"><img loading=\"lazy\" decoding=\"async\" src=\"http:\/\/www.dieparteifreien.at\/wp-content\/uploads\/2016\/02\/arrow-25894_960_720-1-e1454682840287-600x482.png\" alt=\"\" class=\"wp-image-756\" width=\"150\" height=\"121\"\/><\/a><figcaption>zur\u00fcck zu <br>Werner Kainz<br><\/figcaption><\/figure><\/div>\n<\/div>\n\n\n\n<div class=\"wp-block-column is-layout-flow wp-block-column-is-layout-flow\">\n<div class=\"wp-block-image\"><figure class=\"aligncenter size-large is-resized\"><a href=\"http:\/\/www.dieparteifreien.at\/?p=659\"><img loading=\"lazy\" decoding=\"async\" src=\"http:\/\/www.dieparteifreien.at\/wp-content\/uploads\/2016\/02\/arrow-25894_960_720-e1454682628966-600x482.png\" alt=\"\" class=\"wp-image-754\" width=\"150\" height=\"121\"\/><\/a><figcaption>weiter zu<br>Peter Marcher<br><\/figcaption><\/figure><\/div>\n<\/div>\n<\/div>\n","protected":false},"excerpt":{"rendered":"<p>\u00a0 Ich bin parteifrei, weil ich unabh\u00e4ngig sein will weil<\/p>\n","protected":false},"author":1,"featured_media":1288,"comment_status":"closed","ping_status":"closed","sticky":false,"template":"","format":"standard","meta":{"footnotes":""},"categories":[10],"tags":[],"class_list":["post-683","post","type-post","status-publish","format-standard","has-post-thumbnail","hentry","category-kandidaten","comments-off"],"_links":{"self":[{"href":"http:\/\/www.dieparteifreien.at\/index.php?rest_route=\/wp\/v2\/posts\/683","targetHints":{"allow":["GET"]}}],"collection":[{"href":"http:\/\/www.dieparteifreien.at\/index.php?rest_route=\/wp\/v2\/posts"}],"about":[{"href":"http:\/\/www.dieparteifreien.at\/index.php?rest_route=\/wp\/v2\/types\/post"}],"author":[{"embeddable":true,"href":"http:\/\/www.dieparteifreien.at\/index.php?rest_route=\/wp\/v2\/users\/1"}],"replies":[{"embeddable":true,"href":"http:\/\/www.dieparteifreien.at\/index.php?rest_route=%2Fwp%2Fv2%2Fcomments&post=683"}],"version-history":[{"count":16,"href":"http:\/\/www.dieparteifreien.at\/index.php?rest_route=\/wp\/v2\/posts\/683\/revisions"}],"predecessor-version":[{"id":1530,"href":"http:\/\/www.dieparteifreien.at\/index.php?rest_route=\/wp\/v2\/posts\/683\/revisions\/1530"}],"wp:featuredmedia":[{"embeddable":true,"href":"http:\/\/www.dieparteifreien.at\/index.php?rest_route=\/wp\/v2\/media\/1288"}],"wp:attachment":[{"href":"http:\/\/www.dieparteifreien.at\/index.php?rest_route=%2Fwp%2Fv2%2Fmedia&parent=683"}],"wp:term":[{"taxonomy":"category","embeddable":true,"href":"http:\/\/www.dieparteifreien.at\/index.php?rest_route=%2Fwp%2Fv2%2Fcategories&post=683"},{"taxonomy":"post_tag","embeddable":true,"href":"http:\/\/www.dieparteifreien.at\/index.php?rest_route=%2Fwp%2Fv2%2Ftags&post=683"}],"curies":[{"name":"wp","href":"https:\/\/api.w.org\/{rel}","templated":true}]}}