{"id":695,"date":"2021-11-23T12:35:00","date_gmt":"2021-11-23T11:35:00","guid":{"rendered":"http:\/\/www.dieparteifreien.at\/?p=695"},"modified":"2022-01-20T18:20:26","modified_gmt":"2022-01-20T17:20:26","slug":"4-werner-kainz","status":"publish","type":"post","link":"http:\/\/www.dieparteifreien.at\/?p=695","title":{"rendered":"#4 Werner Kainz"},"content":{"rendered":"<p>Er ist im Team der Parteifreien f\u00fcr Personal- und Wohnungsangelegenheiten zust\u00e4ndig und er ist der Garant daf\u00fcr, dass es in Kufstein eine faire Wohnungsvergabe gibt.<\/p>\n<p><img loading=\"lazy\" decoding=\"async\" class=\"alignnone size-full wp-image-1286\" src=\"http:\/\/www.dieparteifreien.at\/wp-content\/uploads\/2021\/11\/Werner-1-Satz-HP-.jpg\" alt=\"\" width=\"1024\" height=\"768\" srcset=\"http:\/\/www.dieparteifreien.at\/wp-content\/uploads\/2021\/11\/Werner-1-Satz-HP-.jpg 1024w, http:\/\/www.dieparteifreien.at\/wp-content\/uploads\/2021\/11\/Werner-1-Satz-HP--120x90.jpg 120w, http:\/\/www.dieparteifreien.at\/wp-content\/uploads\/2021\/11\/Werner-1-Satz-HP--600x450.jpg 600w, http:\/\/www.dieparteifreien.at\/wp-content\/uploads\/2021\/11\/Werner-1-Satz-HP--768x576.jpg 768w\" sizes=\"auto, (max-width: 1024px) 100vw, 1024px\" \/><\/p>\n<p><em>\u201eWir haben die Kriterien der Wohnungsvergabe so angepasst, dass niemand eine Wohnung zugeteilt erh\u00e4lt, die er nicht m\u00f6chte. Die Schaffung leistbarer Wohnungen ist ein absoluter Schwerpunkt meiner T\u00e4tigkeit.\u201c<\/em><\/p>\n<p><span style=\"color: #800080;\">Zitat: \u201e<em>Ich bin Parteifrei, weil wir gemeinsam f\u00fcr alle Kufsteinerinnen und Kufsteiner ein Ziel vor Augen haben &#8211; Lebensqualit\u00e4t und Sicherheit. <strong>Kufstein \u2013 ich lebe dich!<\/strong>\u201c<\/em><\/span><\/p>\n<p>\u00a0<\/p>\n\n\n<figure class=\"wp-block-embed is-type-rich is-provider-spotify wp-block-embed-spotify wp-embed-aspect-21-9 wp-has-aspect-ratio\"><div class=\"wp-block-embed__wrapper\">\n<iframe loading=\"lazy\" title=\"Spotify Embed: Parteifreie im Gespr\u00e4ch - Folge 3: Werner Kainz\" width=\"100%\" height=\"152\" style=\"[object Object]\" frameborder=\"0\" allowfullscreen allow=\"autoplay; clipboard-write; encrypted-media; fullscreen; picture-in-picture\" src=\"https:\/\/open.spotify.com\/embed\/episode\/6g2gJ3hCcjaE8me9sQqldm?utm_source=oembed\"><\/iframe>\n<\/div><\/figure>\n\n\n\n\n\n<p><\/p>\n\n\n\n<div class=\"wp-block-columns is-layout-flex wp-container-core-columns-is-layout-9d6595d7 wp-block-columns-is-layout-flex\">\n<div class=\"wp-block-column is-layout-flow wp-block-column-is-layout-flow\">\n<div class=\"wp-block-image\"><figure class=\"aligncenter size-large is-resized\"><a href=\"http:\/\/www.dieparteifreien.at\/?p=691\"><img loading=\"lazy\" decoding=\"async\" src=\"http:\/\/www.dieparteifreien.at\/wp-content\/uploads\/2016\/02\/arrow-25894_960_720-1-e1454682840287-600x482.png\" alt=\"\" class=\"wp-image-756\" width=\"150\" height=\"121\"\/><\/a><figcaption>zur\u00fcck zu <br>Stefan Hohenauer<\/figcaption><\/figure><\/div>\n<\/div>\n\n\n\n<div class=\"wp-block-column is-layout-flow wp-block-column-is-layout-flow\">\n<div class=\"wp-block-image\"><figure class=\"aligncenter size-large is-resized\"><a href=\"http:\/\/www.dieparteifreien.at\/?p=683\"><img loading=\"lazy\" decoding=\"async\" src=\"http:\/\/www.dieparteifreien.at\/wp-content\/uploads\/2016\/02\/arrow-25894_960_720-e1454682628966-600x482.png\" alt=\"\" class=\"wp-image-754\" width=\"150\" height=\"121\"\/><\/a><figcaption>weiter zu<br>Karin Eschelm\u00fcller<\/figcaption><\/figure><\/div>\n<\/div>\n<\/div>\n\n\n\n<p><\/p>\n","protected":false},"excerpt":{"rendered":"<p>Er ist im Team der Parteifreien f\u00fcr Personal- und Wohnungsangelegenheiten<\/p>\n","protected":false},"author":1,"featured_media":1286,"comment_status":"closed","ping_status":"closed","sticky":false,"template":"","format":"standard","meta":{"footnotes":""},"categories":[10],"tags":[],"class_list":["post-695","post","type-post","status-publish","format-standard","has-post-thumbnail","hentry","category-kandidaten","comments-off"],"_links":{"self":[{"href":"http:\/\/www.dieparteifreien.at\/index.php?rest_route=\/wp\/v2\/posts\/695","targetHints":{"allow":["GET"]}}],"collection":[{"href":"http:\/\/www.dieparteifreien.at\/index.php?rest_route=\/wp\/v2\/posts"}],"about":[{"href":"http:\/\/www.dieparteifreien.at\/index.php?rest_route=\/wp\/v2\/types\/post"}],"author":[{"embeddable":true,"href":"http:\/\/www.dieparteifreien.at\/index.php?rest_route=\/wp\/v2\/users\/1"}],"replies":[{"embeddable":true,"href":"http:\/\/www.dieparteifreien.at\/index.php?rest_route=%2Fwp%2Fv2%2Fcomments&post=695"}],"version-history":[{"count":13,"href":"http:\/\/www.dieparteifreien.at\/index.php?rest_route=\/wp\/v2\/posts\/695\/revisions"}],"predecessor-version":[{"id":1529,"href":"http:\/\/www.dieparteifreien.at\/index.php?rest_route=\/wp\/v2\/posts\/695\/revisions\/1529"}],"wp:featuredmedia":[{"embeddable":true,"href":"http:\/\/www.dieparteifreien.at\/index.php?rest_route=\/wp\/v2\/media\/1286"}],"wp:attachment":[{"href":"http:\/\/www.dieparteifreien.at\/index.php?rest_route=%2Fwp%2Fv2%2Fmedia&parent=695"}],"wp:term":[{"taxonomy":"category","embeddable":true,"href":"http:\/\/www.dieparteifreien.at\/index.php?rest_route=%2Fwp%2Fv2%2Fcategories&post=695"},{"taxonomy":"post_tag","embeddable":true,"href":"http:\/\/www.dieparteifreien.at\/index.php?rest_route=%2Fwp%2Fv2%2Ftags&post=695"}],"curies":[{"name":"wp","href":"https:\/\/api.w.org\/{rel}","templated":true}]}}