{"id":798,"date":"2016-02-17T17:17:14","date_gmt":"2016-02-17T16:17:14","guid":{"rendered":"http:\/\/www.dieparteifreien.at\/?p=798"},"modified":"2016-02-17T17:20:38","modified_gmt":"2016-02-17T16:20:38","slug":"geschichte","status":"publish","type":"post","link":"http:\/\/www.dieparteifreien.at\/?p=798","title":{"rendered":"Geschichte"},"content":{"rendered":"<h3>Unsere Vorg\u00e4nger<\/h3>\n<p>&nbsp;<\/p>\n<figure id=\"attachment_24\" aria-describedby=\"caption-attachment-24\" style=\"width: 300px\" class=\"wp-caption alignnone\"><img loading=\"lazy\" decoding=\"async\" class=\"wp-image-24\" src=\"http:\/\/www.dieparteifreien.at\/wp-content\/uploads\/2012\/01\/dsc_0578.jpg\" alt=\"Leonhard Zanier\" width=\"300\" height=\"185\" srcset=\"http:\/\/www.dieparteifreien.at\/wp-content\/uploads\/2012\/01\/dsc_0578.jpg 369w, http:\/\/www.dieparteifreien.at\/wp-content\/uploads\/2012\/01\/dsc_0578-300x184.jpg 300w\" sizes=\"auto, (max-width: 300px) 100vw, 300px\" \/><figcaption id=\"caption-attachment-24\" class=\"wp-caption-text\">Ing. Leonhard Zanier<\/figcaption><\/figure>\n<figure id=\"attachment_293\" aria-describedby=\"caption-attachment-293\" style=\"width: 300px\" class=\"wp-caption aligncenter\"><img loading=\"lazy\" decoding=\"async\" class=\"wp-image-293\" src=\"http:\/\/www.dieparteifreien.at\/wp-content\/uploads\/2013\/10\/Helmut-600x449.jpg\" alt=\"Helmut\" width=\"300\" height=\"225\" srcset=\"http:\/\/www.dieparteifreien.at\/wp-content\/uploads\/2013\/10\/Helmut-600x449.jpg 600w, http:\/\/www.dieparteifreien.at\/wp-content\/uploads\/2013\/10\/Helmut-120x89.jpg 120w, http:\/\/www.dieparteifreien.at\/wp-content\/uploads\/2013\/10\/Helmut-220x164.jpg 220w\" sizes=\"auto, (max-width: 300px) 100vw, 300px\" \/><figcaption id=\"caption-attachment-293\" class=\"wp-caption-text\">Ing. Helmut Nietz<\/figcaption><\/figure>\n<p>auf der Liste der Parteifreien in Kufstein haben schon zur Gemeinderatswahl 1974 im Rahmen der Gemeinsamen Kufstein Liste (GKL) kandidiert und die Parteifreien stellten zun\u00e4chst \u00fcber viele Jahre durch den Gymnasialprofessor Mag. Franz Kirchmair und sp\u00e4ter durch den Finanzbeamten Walter Thaler den Vizeb\u00fcrgermeister dieser Stadt. In der Zeit von 1974 bis 1987 waren die Parteifreien im Rahmen der GKL unter deren B\u00fcrgermeister Dr. Siegfried Dillersberger in der Stadtregierung, danach noch weitere 5 Jahre unter B\u00fcrgermeister Mag. Lothar Held. Seit 1992 gehen die Parteifreien eigene Wege und haben sich von der GKL abgespalten. Seither sind die Parteifreien zun\u00e4chst mit 4 und seit der Wahl 2010 mit 5 Mandaten im Kufsteiner Gemeinderat vertreten. Ebenso stellen die Parteifreien seit 2010 mit Mag. Martin Krumschnabel erstmals einen Parteifreien B\u00fcrgermeister in Kufstein. Mit Frau Brigitta Klein sind die Parteifreien dar\u00fcber hinaus im Stadtrat vertreten und unsere Gemeinder\u00e4te \u00fcben wichtige Funktionen in der Stadt aus. GR Mag. Karin Eschelm\u00fcller ist Verkehrsreferentin der Stadt Kufstein, GR Werner Kainz ist Tourismusreferent und Wohnungsreferent, GR Dipl.-Ing. Stefan Hohenauer ist Baureferent und Umweltreferent und StR Brigitta Klein ist auch noch Schulreferentin der Stadt Kufstein.<\/p>\n<p>&nbsp;<\/p>\n<p>Mit dieser Homepage m\u00f6chten wir laufend dar\u00fcber berichten, was sich in der Kufsteiner Politik tut und welche Projekte wir zuletzt umgesetzt haben bzw. demn\u00e4chst umsetzen wollen. Trotz der immensen Herausforderungen der t\u00e4glichen Arbeit werden wir versuchen, die Meldungen so aktuell wie m\u00f6glich zu gestalten.<\/p>\n<p>&nbsp;<\/p>\n<p>Wir stehen f\u00fcr eine neue und vollkommen unabh\u00e4ngige Politik f\u00fcr unsere Stadt Kufstein und haben unsere Unabh\u00e4ngigkeit in vielen Abstimmungen trotz \u201esch\u00e4rfsten Gegenwindes\u201c unter Beweis gestellt. Wir stehen f\u00fcr die Menschen in Kufstein ein, insbesondere f\u00fcr die Familien und Kinder, haben aber auch die Wirtschaft von Kufstein belebt und weitergebracht, da wir davon \u00fcberzeugt sind, dass nur durch eine gesunde Wirtschaft bessere Rahmenbedingungen im sozialen Bereich geschaffen werden k\u00f6nnen. Wir sind wirtschaftsfreundlich und sozial und sehen darin keinen Widerspruch, da Menschen mit Hausverstand beides vereinigen k\u00f6nnen. Wir lassen uns nicht ideologisch vereinnahmen, sondern verstehen uns als B\u00fcrgerliste f\u00fcr alle Kufsteinerinnen und Kufsteiner.<\/p>\n","protected":false},"excerpt":{"rendered":"<p>Unsere Vorg\u00e4nger &nbsp; auf der Liste der Parteifreien in Kufstein<\/p>\n","protected":false},"author":1,"featured_media":0,"comment_status":"closed","ping_status":"closed","sticky":false,"template":"","format":"standard","meta":{"footnotes":""},"categories":[3],"tags":[],"class_list":["post-798","post","type-post","status-publish","format-standard","hentry","category-archiv","comments-off"],"_links":{"self":[{"href":"http:\/\/www.dieparteifreien.at\/index.php?rest_route=\/wp\/v2\/posts\/798","targetHints":{"allow":["GET"]}}],"collection":[{"href":"http:\/\/www.dieparteifreien.at\/index.php?rest_route=\/wp\/v2\/posts"}],"about":[{"href":"http:\/\/www.dieparteifreien.at\/index.php?rest_route=\/wp\/v2\/types\/post"}],"author":[{"embeddable":true,"href":"http:\/\/www.dieparteifreien.at\/index.php?rest_route=\/wp\/v2\/users\/1"}],"replies":[{"embeddable":true,"href":"http:\/\/www.dieparteifreien.at\/index.php?rest_route=%2Fwp%2Fv2%2Fcomments&post=798"}],"version-history":[{"count":2,"href":"http:\/\/www.dieparteifreien.at\/index.php?rest_route=\/wp\/v2\/posts\/798\/revisions"}],"predecessor-version":[{"id":800,"href":"http:\/\/www.dieparteifreien.at\/index.php?rest_route=\/wp\/v2\/posts\/798\/revisions\/800"}],"wp:attachment":[{"href":"http:\/\/www.dieparteifreien.at\/index.php?rest_route=%2Fwp%2Fv2%2Fmedia&parent=798"}],"wp:term":[{"taxonomy":"category","embeddable":true,"href":"http:\/\/www.dieparteifreien.at\/index.php?rest_route=%2Fwp%2Fv2%2Fcategories&post=798"},{"taxonomy":"post_tag","embeddable":true,"href":"http:\/\/www.dieparteifreien.at\/index.php?rest_route=%2Fwp%2Fv2%2Ftags&post=798"}],"curies":[{"name":"wp","href":"https:\/\/api.w.org\/{rel}","templated":true}]}}